{"id":27496,"date":"2025-04-15T20:23:02","date_gmt":"2025-04-15T20:23:02","guid":{"rendered":"https:\/\/www.europesays.com\/fr\/27496\/"},"modified":"2025-04-15T20:23:02","modified_gmt":"2025-04-15T20:23:02","slug":"une-premiere-dans-la-commune","status":"publish","type":"post","link":"https:\/\/www.europesays.com\/fr\/27496\/","title":{"rendered":"une premi\u00e8re dans la commune"},"content":{"rendered":"<p>Christiane M\u00e9rieux, pr\u00e9sidente d\u00e9partementale de l\u2019ONM, a expliqu\u00e9 le choix de Saint-Chamond\u00a0: \u00ab\u00a0J\u2019ai souhait\u00e9 d\u00e9localiser le lieu de l\u2019assembl\u00e9e de notre comit\u00e9 qui se tient habituellement, soit \u00e0 la pr\u00e9fecture, \u00e0 Saint-\u00c9tienne, soit dans les deux sous-pr\u00e9fectures, Roanne et Montbrison. Nous sommes heureux d\u2019\u00eatre accueillis \u00e0 Saint-Chamond, deuxi\u00e8me ville de la Loire, pour cette premi\u00e8re.\u00a0\u00a0\u00bb<\/p>\n<p>25\u00a0000 adh\u00e9rents<\/p>\n<p>\u00ab\u00a0L\u2019Ordre national du M\u00e9rite est le deuxi\u00e8me ordre honorifique fran\u00e7ais national apr\u00e8s la L\u00e9gion d\u2019Honneur&#8230;.<\/p>\n","protected":false},"excerpt":{"rendered":"Christiane M\u00e9rieux, pr\u00e9sidente d\u00e9partementale de l\u2019ONM, a expliqu\u00e9 le choix de Saint-Chamond\u00a0: \u00ab\u00a0J\u2019ai souhait\u00e9 d\u00e9localiser le lieu de&hellip;\n","protected":false},"author":2,"featured_media":27497,"comment_status":"","ping_status":"","sticky":false,"template":"","format":"standard","meta":{"footnotes":""},"categories":[9653],"tags":[1111,11,2430,7539,1777,674,1011,27,12,25,9669,9670,4001,104],"class_list":{"0":"post-27496","1":"post","2":"type-post","3":"status-publish","4":"format-standard","5":"has-post-thumbnail","7":"category-saint-etienne","8":"tag-actu","9":"tag-actualites","10":"tag-auvergne-rhone-alpes","11":"tag-edition-loire-sud","12":"tag-eu","13":"tag-europe","14":"tag-fr","15":"tag-france","16":"tag-news","17":"tag-republique-francaise","18":"tag-saint-chamond","19":"tag-saint-chamond-ville","20":"tag-saint-etienne","21":"tag-societe"},"share_on_mastodon":{"url":"","error":""},"_links":{"self":[{"href":"https:\/\/www.europesays.com\/fr\/wp-json\/wp\/v2\/posts\/27496","targetHints":{"allow":["GET"]}}],"collection":[{"href":"https:\/\/www.europesays.com\/fr\/wp-json\/wp\/v2\/posts"}],"about":[{"href":"https:\/\/www.europesays.com\/fr\/wp-json\/wp\/v2\/types\/post"}],"author":[{"embeddable":true,"href":"https:\/\/www.europesays.com\/fr\/wp-json\/wp\/v2\/users\/2"}],"replies":[{"embeddable":true,"href":"https:\/\/www.europesays.com\/fr\/wp-json\/wp\/v2\/comments?post=27496"}],"version-history":[{"count":0,"href":"https:\/\/www.europesays.com\/fr\/wp-json\/wp\/v2\/posts\/27496\/revisions"}],"wp:featuredmedia":[{"embeddable":true,"href":"https:\/\/www.europesays.com\/fr\/wp-json\/wp\/v2\/media\/27497"}],"wp:attachment":[{"href":"https:\/\/www.europesays.com\/fr\/wp-json\/wp\/v2\/media?parent=27496"}],"wp:term":[{"taxonomy":"category","embeddable":true,"href":"https:\/\/www.europesays.com\/fr\/wp-json\/wp\/v2\/categories?post=27496"},{"taxonomy":"post_tag","embeddable":true,"href":"https:\/\/www.europesays.com\/fr\/wp-json\/wp\/v2\/tags?post=27496"}],"curies":[{"name":"wp","href":"https:\/\/api.w.org\/{rel}","templated":true}]}}