{"id":274962,"date":"2025-07-26T10:19:13","date_gmt":"2025-07-26T10:19:13","guid":{"rendered":"https:\/\/www.europesays.com\/fr\/274962\/"},"modified":"2025-07-26T10:19:13","modified_gmt":"2025-07-26T10:19:13","slug":"championnat-deurope-individuel-dames-brentcheneff-se-rapproche-encore","status":"publish","type":"post","link":"https:\/\/www.europesays.com\/fr\/274962\/","title":{"rendered":"Championnat d&rsquo;Europe individuel Dames\u00a0: Brentcheneff se rapproche encore"},"content":{"rendered":"<p>Sc\u00e9nario similaire \u00e0 celui de la veille, ce vendredi \u00e0 Francfort. \u00c0 deux diff\u00e9rences pr\u00e8s. La premi\u00e8re \u00e9tant qu&rsquo;aux menaces lointaines d&rsquo;orage ont succ\u00e9d\u00e9 des trombes d&rsquo;eau comme raison suffisante pour stopper le troisi\u00e8me tour du <strong>Championnat d&rsquo;Europe individuel Dames<\/strong>, en milieu d&rsquo;apr\u00e8s-midi ; et la seconde \u00e9tant que, cette fois, il a \u00e9t\u00e9 d\u00e9cid\u00e9 que le jeu reprendrait dans les derni\u00e8res lueurs du jour, afin d&rsquo;aller le plus loin possible et de se laisser le programme le plus l\u00e9ger pour le dernier jour de samedi.<\/p>\n<p>Une qui a appr\u00e9ci\u00e9 particuli\u00e8rement de ressortir jouer au golf aux alentours de 20\u00a0h\u00a020 et pour une petite heure, c&rsquo;est l&rsquo;Espagnole <strong>Paula Martin Sampedro<\/strong>. Celle qui a d\u00e9j\u00e0 gagn\u00e9 <strong>The Women&rsquo;s Amateur <\/strong>cette ann\u00e9e a ajout\u00e9 quatre birdies aux quatre collect\u00e9s chemin faisant avant l&rsquo;interruption&#8230; lesquels venaient apr\u00e8s un eagle au 3. Cela fait donc -10 pour le troisi\u00e8me tour, avec encore deux pars 5 \u00e0 jouer sur ses trois derniers trous samedi matin, pour celle qui est d\u00e9sormais seule leader \u00e0 -17, deux coups devant sa compatriote <strong>Balma Davalos<\/strong>.<\/p>\n<p>Le programme charg\u00e9 de samedi laisse tout de m\u00eame de l&rsquo;espoir \u00e0 beaucoup de monde, et notamment \u00e0 <strong>Sara Brentcheneff<\/strong>, parfaitement plac\u00e9e \u00e0 -14, seule \u00e0 la troisi\u00e8me place. La Lyonnaise, qui a r\u00e9alis\u00e9 un joli quatre \u00e0 la suite dans la course aux birdies du 3 au 6, en a rajout\u00e9 un au 11, apr\u00e8s la reprise du jeu. Stopp\u00e9e par la nuit sur le trou suivant, elle red\u00e9marrera du 13 \u00e0 7\u00a0h\u00a030 samedi matin, avec les armes en main pour aller jouer les premier r\u00f4les.<\/p>\n<p>La d\u00e9cision de reprendre le jeu a \u00e9t\u00e9 bien re\u00e7ue par <strong>Giselle Zhao<\/strong>, qui a pu comme cela boucler une belle partie en 68 (-5), en \u00e9vitant de revenir la terminer t\u00f4t le lendemain. La championne de France en titre pointe d\u00e9sormais en 16e position, \u00e0 -9 total. Un coup derri\u00e8re elle, <strong>Louise Uma Landgraf <\/strong>et <strong>Valentine Delon <\/strong>ont \u00e9galement sign\u00e9 leur carte, la premi\u00e8re en 68 (-5), et la deuxi\u00e8me en 70 (-3). Toutes les deux occupent le 21e rang.<\/p>\n","protected":false},"excerpt":{"rendered":"Sc\u00e9nario similaire \u00e0 celui de la veille, ce vendredi \u00e0 Francfort. \u00c0 deux diff\u00e9rences pr\u00e8s. La premi\u00e8re \u00e9tant&hellip;\n","protected":false},"author":2,"featured_media":274963,"comment_status":"","ping_status":"","sticky":false,"template":"","format":"standard","meta":{"footnotes":""},"categories":[1418],"tags":[1011,27,1472,60],"class_list":{"0":"post-274962","1":"post","2":"type-post","3":"status-publish","4":"format-standard","5":"has-post-thumbnail","7":"category-golf","8":"tag-fr","9":"tag-france","10":"tag-golf","11":"tag-sports"},"share_on_mastodon":{"url":"https:\/\/pubeurope.com\/@fr\/114919031615570186","error":""},"_links":{"self":[{"href":"https:\/\/www.europesays.com\/fr\/wp-json\/wp\/v2\/posts\/274962","targetHints":{"allow":["GET"]}}],"collection":[{"href":"https:\/\/www.europesays.com\/fr\/wp-json\/wp\/v2\/posts"}],"about":[{"href":"https:\/\/www.europesays.com\/fr\/wp-json\/wp\/v2\/types\/post"}],"author":[{"embeddable":true,"href":"https:\/\/www.europesays.com\/fr\/wp-json\/wp\/v2\/users\/2"}],"replies":[{"embeddable":true,"href":"https:\/\/www.europesays.com\/fr\/wp-json\/wp\/v2\/comments?post=274962"}],"version-history":[{"count":0,"href":"https:\/\/www.europesays.com\/fr\/wp-json\/wp\/v2\/posts\/274962\/revisions"}],"wp:featuredmedia":[{"embeddable":true,"href":"https:\/\/www.europesays.com\/fr\/wp-json\/wp\/v2\/media\/274963"}],"wp:attachment":[{"href":"https:\/\/www.europesays.com\/fr\/wp-json\/wp\/v2\/media?parent=274962"}],"wp:term":[{"taxonomy":"category","embeddable":true,"href":"https:\/\/www.europesays.com\/fr\/wp-json\/wp\/v2\/categories?post=274962"},{"taxonomy":"post_tag","embeddable":true,"href":"https:\/\/www.europesays.com\/fr\/wp-json\/wp\/v2\/tags?post=274962"}],"curies":[{"name":"wp","href":"https:\/\/api.w.org\/{rel}","templated":true}]}}