{"id":274970,"date":"2025-07-26T10:24:11","date_gmt":"2025-07-26T10:24:11","guid":{"rendered":"https:\/\/www.europesays.com\/fr\/274970\/"},"modified":"2025-07-26T10:24:11","modified_gmt":"2025-07-26T10:24:11","slug":"somkiat-chantra-devrait-etre-remplace-en-autriche-et-en-hongrie","status":"publish","type":"post","link":"https:\/\/www.europesays.com\/fr\/274970\/","title":{"rendered":"Somkiat Chantra devrait \u00eatre remplac\u00e9 en Autriche et en Hongrie"},"content":{"rendered":"<p>La convalescence va durer plus longtemps que pr\u00e9vu pour Somkiat Chantra. En effet,<a href=\"https:\/\/www.marca.com\/motor\/motogp\/2025\/07\/25\/iker-lecuona-vuelve-motogp-austria-hungria.html\" target=\"_blank\" rel=\"noopener nofollow\"> selon plusieurs m\u00e9dias espagnols dont Marca,<\/a> le pilote tha\u00eflandais ne disputera pas les Grand Prix d\u2019Autriche (15-17 ao\u00fct) et de Hongrie (22-24 ao\u00fbt) apr\u00e8s la tr\u00eave estivale. Ainsi, le rookie de 26 ans sera suppl\u00e9\u00e9 par Iker Lecuona, pilote d\u2019usine Honda en WorldSBK.<\/p>\n<p>Nos confr\u00e8res indiquent que LCR Honda doit faire appel \u00e0 l\u2019actuel 8e au classement du championnat du monde Superbike faute d\u2019un autre rempla\u00e7ant disponible dans les rangs du <a href=\"https:\/\/www.autohebdo.fr\/actualites\/motogp\" data-internallinksmanager029f6b8e52c=\"4\" title=\"MotoGP\" rel=\"nofollow noopener\" target=\"_blank\">MotoGP<\/a>. En effet, Takaaki Nakagami a chut\u00e9 \u00e0 Brno le week-end dernier (blessure aux ligaments crois\u00e9s) et Aleix Espargar\u00f3 se remet d\u2019une blessure \u00e0 la main suite \u00e0 sa chute survenue sur le Tour d\u2019Autriche, sa premi\u00e8re course cycliste professionnelle.<\/p>\n<p>Pour Lecuona, ce ne sera pas une premi\u00e8re dans la cat\u00e9gorie reine. En 2023, le pilote de 25 ans avait pris part \u00e0 six Grand Prix avec Honda, deux dans l\u2019\u00e9curie officielle puis quatre au sein du team LCR, pour remplacer l\u00e0 aussi deux bless\u00e9s, Marc M\u00e1rquez et \u00c1lex Rins. Il profite donc de la blessure de Chantra pour retrouver un environnement qu\u2019il conna\u00eet bien.<\/p>\n<p>Une longue absence pas si surprenante pour Chantra<\/p>\n<p>Pour rappel, le Tha\u00eflandais s\u2019est s\u00e9rieusement bless\u00e9 d\u00e9but juillet apr\u00e8s avoir chut\u00e9 lors d\u2019un entra\u00eenement priv\u00e9 sur une moto tout-terrain. Souffrant d\u2019une d\u00e9chirure du ligament collat\u00e9ral lat\u00e9ral du genou droit, il avait \u00e9t\u00e9 op\u00e9r\u00e9 le 8 juillet \u00e0 l\u2019h\u00f4pital universitaire Dexeus de Barcelone.<\/p>\n<p>En cons\u00e9quence, Chantra avait d\u00fb manquer les Grand Prix d\u2019Allemagne (11-13 juillet), o\u00f9 il n\u2019a pas \u00e9t\u00e9 remplac\u00e9, puis la Tch\u00e9quie (18-20 juillet), o\u00f9 il avait \u00e9t\u00e9 suppl\u00e9\u00e9 par Takaaki Nakagami. Il manquera donc au moins les deux prochaines manches, sa cinqui\u00e8me au total depuis le d\u00e9but de saison. Reste d\u00e9sormais \u00e0 savoir s\u2019il sera suffisamment r\u00e9tabli pour la Catalogne (5-7 septembre).<\/p>\n<p><strong>\u00c0 LIRE AUSSI &gt; <a href=\"https:\/\/www.autohebdo.fr\/breves\/motogp\/moto-gp-somkiat-chantra-sera-remplace-en-republique-tcheque-pas-en-allemagne.html\" target=\"_blank\" rel=\"noopener nofollow\">Somkiat Chantra pas remplac\u00e9 en Allemagne et suppl\u00e9\u00e9 par Nakagami en R\u00e9publique tch\u00e8que<\/a><\/strong><\/p>\n","protected":false},"excerpt":{"rendered":"La convalescence va durer plus longtemps que pr\u00e9vu pour Somkiat Chantra. En effet, selon plusieurs m\u00e9dias espagnols dont&hellip;\n","protected":false},"author":2,"featured_media":274971,"comment_status":"","ping_status":"","sticky":false,"template":"","format":"standard","meta":{"footnotes":""},"categories":[1413],"tags":[1011,27,1457,1456,60],"class_list":{"0":"post-274970","1":"post","2":"type-post","3":"status-publish","4":"format-standard","5":"has-post-thumbnail","7":"category-moto","8":"tag-fr","9":"tag-france","10":"tag-moto","11":"tag-motocycle","12":"tag-sports"},"share_on_mastodon":{"url":"https:\/\/pubeurope.com\/@fr\/114919051338927386","error":""},"_links":{"self":[{"href":"https:\/\/www.europesays.com\/fr\/wp-json\/wp\/v2\/posts\/274970","targetHints":{"allow":["GET"]}}],"collection":[{"href":"https:\/\/www.europesays.com\/fr\/wp-json\/wp\/v2\/posts"}],"about":[{"href":"https:\/\/www.europesays.com\/fr\/wp-json\/wp\/v2\/types\/post"}],"author":[{"embeddable":true,"href":"https:\/\/www.europesays.com\/fr\/wp-json\/wp\/v2\/users\/2"}],"replies":[{"embeddable":true,"href":"https:\/\/www.europesays.com\/fr\/wp-json\/wp\/v2\/comments?post=274970"}],"version-history":[{"count":0,"href":"https:\/\/www.europesays.com\/fr\/wp-json\/wp\/v2\/posts\/274970\/revisions"}],"wp:featuredmedia":[{"embeddable":true,"href":"https:\/\/www.europesays.com\/fr\/wp-json\/wp\/v2\/media\/274971"}],"wp:attachment":[{"href":"https:\/\/www.europesays.com\/fr\/wp-json\/wp\/v2\/media?parent=274970"}],"wp:term":[{"taxonomy":"category","embeddable":true,"href":"https:\/\/www.europesays.com\/fr\/wp-json\/wp\/v2\/categories?post=274970"},{"taxonomy":"post_tag","embeddable":true,"href":"https:\/\/www.europesays.com\/fr\/wp-json\/wp\/v2\/tags?post=274970"}],"curies":[{"name":"wp","href":"https:\/\/api.w.org\/{rel}","templated":true}]}}