{"id":27498,"date":"2025-04-15T20:23:13","date_gmt":"2025-04-15T20:23:13","guid":{"rendered":"https:\/\/www.europesays.com\/fr\/27498\/"},"modified":"2025-04-15T20:23:13","modified_gmt":"2025-04-15T20:23:13","slug":"saint-etienne-metropole-la-colere-des-eboueurs-monte-dun-cran-pourquoi-les-negociations-patinent","status":"publish","type":"post","link":"https:\/\/www.europesays.com\/fr\/27498\/","title":{"rendered":"Saint-\u00c9tienne M\u00e9tropole. La col\u00e8re des \u00e9boueurs monte d\u2019un cran\u00a0: pourquoi les n\u00e9gociations \u00ab\u00a0patinent\u00a0\u00bb"},"content":{"rendered":"<p>\u00ab\u00a0Le mouvement continue, toutes nos excuses aux habitants.\u00a0\u00bb C\u2019est par ces mots que les agents en charge de la collecte des ordures m\u00e9nag\u00e8res concluent leur communiqu\u00e9 suite \u00e0 la rencontre qui s\u2019est tenue lundi soir dans les locaux de Saint-Etienne M\u00e9tropole.<\/p>\n<p>Apr\u00e8s huit jours de gr\u00e8ve, initi\u00e9e par la CGT, une d\u00e9l\u00e9gation d\u2019agents gr\u00e9vistes de la collecte \u00e9tait re\u00e7ue, lundi \u00e0 M\u00e9tropole, par Sylvie Fayolle, pr\u00e9sidente par int\u00e9rim, Fran\u00e7ois Driol, vice-pr\u00e9sident en charge de la gestion des d\u00e9chets, Denis Bariol, vice-pr\u00e9sident charg\u00e9 des ressources humaines, Christian Julien, vice-pr\u00e9sident en charge du budget, et le directeur g\u00e9n\u00e9ral des services pour engager les n\u00e9gociations. Si les discussions ont dur\u00e9 trois heures, elles n\u2019ont abouti sur rien.<\/p>\n<p>  \u00ab\u00a0Dialogue de sourds\u00a0\u00bb<\/p>\n<p>Revalorisation de la prime travaux dangereux et insalubres, reconnaissance de l\u2019\u00e9volution des conditions de travail, des risques pris depuis la refonte des tourn\u00e9es et du durcissement de l\u2019acc\u00e8s en d\u00e9ch\u00e8terie, telles \u00e9taient les avanc\u00e9es esp\u00e9r\u00e9es par les agents de collecte.<\/p>\n<p>\u00ab\u00a0Alors que l\u2019objectif affich\u00e9 des \u00e9lus m\u00e9tropolitains \u00e9tait de trouver une issue par le haut \u00e0 la crise, notre d\u00e9l\u00e9gation a but\u00e9 d\u2019embl\u00e9e sur un dialogue de sourds, sur une v\u00e9ritable parodie de n\u00e9gociations, voire sur une provocation bien organis\u00e9e\u00a0\u00bb, estime Micka\u00ebl Chambas, secr\u00e9taire g\u00e9n\u00e9ral CGT \u00e0 Saint-Etienne.<\/p>\n<p>  \u00ab\u00a0C\u2019est le summum de la provocation\u00a0\u00bb<\/p>\n<p>Dans les faits, la demande de valorisation et de reconnaissance des risques a \u00e9t\u00e9 rejet\u00e9e par l\u2019ex\u00e9cutif, qui a propos\u00e9 de revoir la valeur faciale des titres-restaurant de 2\u00a0\u20ac pour l\u2019ensemble des agents m\u00e9tropolitains.<\/p>\n<p>Pour ce qui est de l\u2019acc\u00e8s en d\u00e9ch\u00e8terie, qui permettrait de stopper l\u2019exposition \u00e0 des risques multiples et graves, pas de remise en question avant septembre\u00a02025.<\/p>\n<p>Quant \u00e0 la proposition d\u2019embaucher deux agents suppl\u00e9mentaires pour assurer le respect du taux de suppl\u00e9ance dans le cadre de la reprise en r\u00e9gie publique du Chambon-Feugerolles, l\u2019ex\u00e9cutif a annonc\u00e9 l\u2019abandon temporaire du projet pour une dur\u00e9e d\u2019un an.<\/p>\n<p>\u00ab\u00a0C\u2019est le summum de la provocation. Si on avait voulu faire grimper d\u2019un cran la col\u00e8re des agents et se moquer un peu plus des habitants, on ne s\u2019y serait s\u00fbrement pas pris autrement\u00a0\u00bb, consid\u00e8re Micka\u00ebl Chambas.<\/p>\n<p>  \u00ab\u00a0On a du mal \u00e0 s\u2019entendre\u00a0\u00bb<\/p>\n<p>Face \u00e0 cette col\u00e8re et alors que les poubelles envahissent les rues des villes de la M\u00e9tropole, Fran\u00e7ois Driol s\u2019est pr\u00e9sent\u00e9 devant la presse, ce mardi en d\u00e9but d\u2019apr\u00e8s-midi. \u00ab\u00a0Aujourd\u2019hui, on patine, je ne peux pas le nier\u00a0\u00bb, a-t-il reconnu avant de revenir sur la r\u00e9union de lundi.<\/p>\n<p>\u00ab\u00a0Nous avons un sentiment d\u2019insatisfaction, le dialogue est compliqu\u00e9 et on a du mal \u00e0 s\u2019entendre. Mais il faut bien comprendre que nous avons des imp\u00e9ratifs r\u00e9glementaires et budg\u00e9taires \u00e0 respecter. La situation est complexe pour les deux tiers de la population de Saint-Etienne m\u00e9tropole. Cette gr\u00e8ve touche les citoyens, les acteurs \u00e9conomiques, les commer\u00e7ants \u00a0\u00bb, a rappel\u00e9 Fran\u00e7ois Driol.<\/p>\n<p>  Pas de dispositifs d\u2019urgence mis en place<\/p>\n<p>Tout en reconnaissant la difficult\u00e9 du m\u00e9tier, pointant du doigt l\u2019incivilit\u00e9 de certains habitants qui compliquent leur t\u00e2che, le vice-pr\u00e9sident a contest\u00e9 le fait que leurs conditions de travail des agents se soient d\u00e9grad\u00e9es d\u2019une mani\u00e8re g\u00e9n\u00e9rale. \u00ab\u00a0Le tonnage a baiss\u00e9 et la r\u00e9organisation des d\u00e9chetteries n\u2019a pas eu des effets n\u00e9gatifs sur eux\u00a0\u00bb, a-t-il affirm\u00e9.<\/p>\n<p>En attendant, si certaines villes de la M\u00e9tropole et des bailleurs ont fait appel \u00e0 des soci\u00e9t\u00e9s priv\u00e9es pour collecter les d\u00e9chets qui d\u00e9bordent, Fran\u00e7ois Driol n\u2019envisage pas de dispositifs sp\u00e9cifiques pour r\u00e9pondre \u00e0 l\u2019urgence.<\/p>\n<p>\u00ab\u00a0Nous ne pouvons pas n\u00e9gocier sous la menace et il faut bien poser le probl\u00e8me\u00a0\u00bb, a conclu Fran\u00e7ois Driol qui a indiqu\u00e9 que ce jeudi une rencontre avec l\u2019ensemble des repr\u00e9sentants syndicaux puis avec\u00a0les \u00e9lus de Saint-Etienne M\u00e9tropole \u00e9tait pr\u00e9vue et que le sujet de la gr\u00e8ve allait forc\u00e9ment s\u2019inviter dans la discussion.<\/p>\n<p>Pour le reste, et en particulier sur les nouvelles propositions de l\u2019ex\u00e9cutif, aucune date n\u2019a encore \u00e9t\u00e9 fix\u00e9e.<\/p>\n<p>Ce mardi, sur les trente-trois camions, seuls deux v\u00e9hicules sont sortis pour collecter les ordures m\u00e9nag\u00e8res de l\u2019ensemble de la m\u00e9tropole.<\/p>\n","protected":false},"excerpt":{"rendered":"\u00ab\u00a0Le mouvement continue, toutes nos excuses aux habitants.\u00a0\u00bb C\u2019est par ces mots que les agents en charge de&hellip;\n","protected":false},"author":2,"featured_media":27499,"comment_status":"","ping_status":"","sticky":false,"template":"","format":"standard","meta":{"footnotes":""},"categories":[9653],"tags":[1111,11,2430,9671,7539,1777,674,107,1011,27,3367,12,25,4001,7538,801],"class_list":{"0":"post-27498","1":"post","2":"type-post","3":"status-publish","4":"format-standard","5":"has-post-thumbnail","7":"category-saint-etienne","8":"tag-actu","9":"tag-actualites","10":"tag-auvergne-rhone-alpes","11":"tag-conflit-social","12":"tag-edition-loire-sud","13":"tag-eu","14":"tag-europe","15":"tag-fil-info","16":"tag-fr","17":"tag-france","18":"tag-loire","19":"tag-news","20":"tag-republique-francaise","21":"tag-saint-etienne","22":"tag-saint-etienne-ville","23":"tag-social"},"share_on_mastodon":{"url":"https:\/\/pubeurope.com\/@fr\/114343850966646869","error":""},"_links":{"self":[{"href":"https:\/\/www.europesays.com\/fr\/wp-json\/wp\/v2\/posts\/27498","targetHints":{"allow":["GET"]}}],"collection":[{"href":"https:\/\/www.europesays.com\/fr\/wp-json\/wp\/v2\/posts"}],"about":[{"href":"https:\/\/www.europesays.com\/fr\/wp-json\/wp\/v2\/types\/post"}],"author":[{"embeddable":true,"href":"https:\/\/www.europesays.com\/fr\/wp-json\/wp\/v2\/users\/2"}],"replies":[{"embeddable":true,"href":"https:\/\/www.europesays.com\/fr\/wp-json\/wp\/v2\/comments?post=27498"}],"version-history":[{"count":0,"href":"https:\/\/www.europesays.com\/fr\/wp-json\/wp\/v2\/posts\/27498\/revisions"}],"wp:featuredmedia":[{"embeddable":true,"href":"https:\/\/www.europesays.com\/fr\/wp-json\/wp\/v2\/media\/27499"}],"wp:attachment":[{"href":"https:\/\/www.europesays.com\/fr\/wp-json\/wp\/v2\/media?parent=27498"}],"wp:term":[{"taxonomy":"category","embeddable":true,"href":"https:\/\/www.europesays.com\/fr\/wp-json\/wp\/v2\/categories?post=27498"},{"taxonomy":"post_tag","embeddable":true,"href":"https:\/\/www.europesays.com\/fr\/wp-json\/wp\/v2\/tags?post=27498"}],"curies":[{"name":"wp","href":"https:\/\/api.w.org\/{rel}","templated":true}]}}