{"id":274981,"date":"2025-07-26T10:30:10","date_gmt":"2025-07-26T10:30:10","guid":{"rendered":"https:\/\/www.europesays.com\/fr\/274981\/"},"modified":"2025-07-26T10:30:10","modified_gmt":"2025-07-26T10:30:10","slug":"et-si-peach-ne-voulait-pas-quon-la-sauve-un-guide-pop-et-feministe-pour-petits-et-grands","status":"publish","type":"post","link":"https:\/\/www.europesays.com\/fr\/274981\/","title":{"rendered":"Et si Peach ne voulait pas qu&rsquo;on la sauve ? Un guide pop et f\u00e9ministe pour petits et grands"},"content":{"rendered":"<p>\n\t\t\t\t\t Pens\u00e9 comme une conversation interg\u00e9n\u00e9rationnelle, ce guide est n\u00e9 d\u2019un dialogue avec son fils de 10 ans. \u00c0 travers ce point de d\u00e9part intime, l\u2019autrice rend le f\u00e9minisme accessible sans jamais le simplifier. <strong>Chaque fiche de personnage<\/strong>, compos\u00e9e de quelques paragraphes rythm\u00e9s et d\u2019une grille d\u2019analyse claire,<strong> interroge les sch\u00e9mas dominants<\/strong> : qui sauve qui ? Qui a le droit d\u2019\u00eatre fort, doux, vuln\u00e9rable ? Qui existe vraiment dans l\u2019histoire, et qui est r\u00e9duit \u00e0 un r\u00f4le de faire-valoir ?\n\t\t\t\t <\/p>\n","protected":false},"excerpt":{"rendered":"Pens\u00e9 comme une conversation interg\u00e9n\u00e9rationnelle, ce guide est n\u00e9 d\u2019un dialogue avec son fils de 10 ans. \u00c0&hellip;\n","protected":false},"author":2,"featured_media":274982,"comment_status":"","ping_status":"","sticky":false,"template":"","format":"standard","meta":{"footnotes":""},"categories":[1357],"tags":[1379,58,59,6757,16321,1011,27,8206,1351,2003,1380,18192,1970,801],"class_list":{"0":"post-274981","1":"post","2":"type-post","3":"status-publish","4":"format-standard","5":"has-post-thumbnail","7":"category-livres","8":"tag-books","9":"tag-divertissement","10":"tag-entertainment","11":"tag-feminisme","12":"tag-feministe","13":"tag-fr","14":"tag-france","15":"tag-jeux-videos","16":"tag-litterature","17":"tag-livre","18":"tag-livres","19":"tag-peach","20":"tag-pop-culture","21":"tag-social"},"share_on_mastodon":{"url":"https:\/\/pubeurope.com\/@fr\/114919074938689923","error":""},"_links":{"self":[{"href":"https:\/\/www.europesays.com\/fr\/wp-json\/wp\/v2\/posts\/274981","targetHints":{"allow":["GET"]}}],"collection":[{"href":"https:\/\/www.europesays.com\/fr\/wp-json\/wp\/v2\/posts"}],"about":[{"href":"https:\/\/www.europesays.com\/fr\/wp-json\/wp\/v2\/types\/post"}],"author":[{"embeddable":true,"href":"https:\/\/www.europesays.com\/fr\/wp-json\/wp\/v2\/users\/2"}],"replies":[{"embeddable":true,"href":"https:\/\/www.europesays.com\/fr\/wp-json\/wp\/v2\/comments?post=274981"}],"version-history":[{"count":0,"href":"https:\/\/www.europesays.com\/fr\/wp-json\/wp\/v2\/posts\/274981\/revisions"}],"wp:featuredmedia":[{"embeddable":true,"href":"https:\/\/www.europesays.com\/fr\/wp-json\/wp\/v2\/media\/274982"}],"wp:attachment":[{"href":"https:\/\/www.europesays.com\/fr\/wp-json\/wp\/v2\/media?parent=274981"}],"wp:term":[{"taxonomy":"category","embeddable":true,"href":"https:\/\/www.europesays.com\/fr\/wp-json\/wp\/v2\/categories?post=274981"},{"taxonomy":"post_tag","embeddable":true,"href":"https:\/\/www.europesays.com\/fr\/wp-json\/wp\/v2\/tags?post=274981"}],"curies":[{"name":"wp","href":"https:\/\/api.w.org\/{rel}","templated":true}]}}