{"id":274985,"date":"2025-07-26T10:32:13","date_gmt":"2025-07-26T10:32:13","guid":{"rendered":"https:\/\/www.europesays.com\/fr\/274985\/"},"modified":"2025-07-26T10:32:13","modified_gmt":"2025-07-26T10:32:13","slug":"boys-band-whatfor-que-deviennent-cyril-nicolas-erika-et-monia-vainqueurs-de-popstars","status":"publish","type":"post","link":"https:\/\/www.europesays.com\/fr\/274985\/","title":{"rendered":"BOYS BAND. Whatfor : que deviennent Cyril, Nicolas, \u00c9rika et Monia, vainqueurs de Popstars ?"},"content":{"rendered":"<p>\nEn 2002, M6 confie \u00e0 Popstars 2 la mission de monter un<br \/>\n<strong data-start=\"60\" data-end=\"84\">groupe mixte \u00e0 la<\/strong><br \/>\n<a href=\"https:\/\/www.closermag.fr\/people\/on-arretera-den-parler-marjorie-des-l5-met-les-choses-au-point-sur-son-couple-avec-lex-dalexandra-3479210\" target=\"_blank\" rel=\"noopener\"><br \/>\nL5<\/a>, cette fois avec 2 gar\u00e7ons et 2 filles. Apr\u00e8s une s\u00e9lection<br \/>\nintense \u2013 avec jusqu\u2019\u00e0 Chim\u00e8ne Badi ou Perle Lama en lice \u2013 ce sont<br \/>\n<strong data-start=\"213\" data-end=\"247\">\u00c9rika, Monia, Cyril et<br \/>\nNicolas<\/strong> qui forment les Whatfor.<br \/>\nLe groupe enregistre \u00e0 New York avec Philippe Saisse aux manettes,<br \/>\nesp\u00e9rant reproduire le carton des L5 avec un single<br \/>\npuissant.<\/p>\n<p>\nLe tout premier titre, \u00ab\u00a0Plus haut\u00a0\u00bb, s\u2019envole imm\u00e9diatement \u00e0 la<br \/>\n<strong data-start=\"70\" data-end=\"105\">1\u00e8re place des ventes en<br \/>\nFrance<\/strong>, mais sans atteindre les sommets du tube des L5.<br \/>\nL\u2019album Whatfor suit en 2002 : il aura tout de m\u00eame trouv\u00e9<br \/>\npreneur aupr\u00e8s de <strong data-start=\"81\" data-end=\"104\">\u202f400\u202f000<br \/>\nacheteurs<\/strong> en France. Encourag\u00e9, le <a href=\"https:\/\/www.closermag.fr\/people\/boys-band-worlds-apart-que-sont-devenus-les-cinq-membres-du-groupe-victimes-de-leur-succes-en-france-3563947#item=1\" target=\"_blank\" rel=\"noopener\"><br \/>\nboys band<\/a> sort un deuxi\u00e8me single en 2003, \u00ab\u00a0L\u2019amour n\u2019a pas de<br \/>\nloi !\u00a0\u00bb, adaptation fran\u00e7aise de Kiss Goodbye de Carola\u2026 mais c\u2019est un \u00e9chec, et les<br \/>\ntourn\u00e9es sont annul\u00e9es.<\/p>\n<p>Whatfor : que deviennent Cyril, Nicolas, \u00c9rika et Monia,<br \/>\nvainqueurs de Popstars ?<\/p>\n<p>\nL\u2019aventure s\u2019arr\u00eate en <strong data-start=\"23\" data-end=\"36\">juin<br \/>\n2003<\/strong>, \u00e0 peine un an apr\u00e8s le lancement, en raison de<br \/>\n<strong data-start=\"85\" data-end=\"105\">mauvaises ventes<\/strong>,<br \/>\nde <strong data-start=\"110\" data-end=\"136\">tensions avec le<br \/>\nlabel<\/strong>, et d\u2019un groupe pas toujours align\u00e9 avec les choix<br \/>\nimpos\u00e9s.<br \/>\nMonia \u00e9voquera m\u00eame plus tard un sentiment d'\u00a0\u00bbarnaque\u00a0\u00bb, affirmant<br \/>\navoir re\u00e7u seulement <strong data-start=\"93\" data-end=\"107\">100\u202f000\u202feuros<\/strong> pour l\u2019ensemble de l\u2019aventure, et<br \/>\nexpliquant que la c\u00e9l\u00e9brit\u00e9 soudaine aura \u00e9t\u00e9 pour elle un fardeau<br \/>\nplus qu\u2019un tremplin&#8230; Mais que sont-ils tous devenus depuis<br \/>\n?\u00a0<\/p>\n<p>De son c\u00f4t\u00e9, <a href=\"https:\/\/www.closermag.fr\/tv-tele-realite\/autres-emissions\/ornella-fleury-le-grand-journal-soeur-d-une-membre-des-whatfor-676962#item=1\" target=\"_blank\" rel=\"noopener\"><br \/>\n\u00c9rika Fleury<\/a><br \/>\n\u00e9tait la touche pop du groupe. Apr\u00e8s la rupture, elle forme un duo<br \/>\npop-rock avec Cyril, nomm\u00e9 <strong data-start=\"99\" data-end=\"110\">Everton<\/strong>, mais leur single \u00ab\u00a0Aucune Trace\u00a0\u00bb en 2004<br \/>\nreste confidentiel.<br \/>\nEn solo, elle enregistre en 2007 un projet appel\u00e9 Faire M\u00e2le, sans v\u00e9ritable distribution.<br \/>\nDepuis, elle m\u00e8ne une vie plus tranquille : maman de trois enfants<br \/>\navec le youtubeur Carlito du duo McFly et <a href=\"https:\/\/www.closermag.fr\/people\/raphael-carlier-carlito-s-est-marie-avec-erika-fleury-du-groupe-whatfor-1000791\" target=\"_blank\" rel=\"noopener\"><br \/>\nCarlito<\/a>, elle tease un retour musical depuis 2020, m\u00eame si son<br \/>\nquotidien la mobilise ailleurs.<\/p>\n<blockquote class=\"instagram-media\" style=\"background: #ffffff;border: 0;margin: 1px;width: 100%;padding: 0;max-width: 500px;\" data-instgrm-permalink=\"https:\/\/www.instagram.com\/p\/CTWiygIMh5t\/\" data-instgrm-version=\"14\"\/><p>\nWhatfor : quatre talents en qu\u00eate d\u2019un avenir plus stable<\/p>\n<p>Son ancien duo avec \u00c9rika n\u2019a pas pris, mais <strong data-start=\"45\" data-end=\"87\">Cyril d\u00e9cide de rester dans la musique<\/strong>,<br \/>\ncomme pianiste et producteur. Il travaille avec des artistes<br \/>\nr\u00e9put\u00e9s tels que <strong data-start=\"167\" data-end=\"174\">-M-<\/strong>, <strong data-start=\"176\" data-end=\"192\">Louis<br \/>\nChedid<\/strong> ou <strong data-start=\"196\" data-end=\"208\">Gr\u00e9goire<\/strong>, et assure la direction artistique dans<br \/>\nplusieurs cabarets parisiens. En 2024, il tourne avec son show<br \/>\n<strong data-start=\"312\" data-end=\"324\">Pianoman<\/strong>. Dans un<br \/>\npodcast en 2023, il \u00e9voque un <strong data-start=\"364\" data-end=\"376\">burn\u2011out<\/strong> li\u00e9 au stress intense de l\u2019aventure<br \/>\nWhatfor.<\/p>\n<p>\n<a href=\"https:\/\/www.closermag.fr\/tv-tele-realite\/nicolas-vitiello-des-whatfor-est-papa-d-un-petit-garcon-653230\" target=\"_blank\" rel=\"noopener\"><br \/>\nNicolas Vitiello<\/a>, lui fait une tentative solo \u2013 reprise de<br \/>\n\u00ab\u00a0Cherchez le gar\u00e7on\u00a0\u00bb \u2013 qui<br \/>\npasse inaper\u00e7ue. Mais en bon com\u00e9dien de formation, il bifurque<br \/>\nvers le th\u00e9\u00e2tre : Love\u202fValour\u202f&amp;\u202fCompassion !, Les Amazones,<br \/>\nBonjour Ivresse\u2026 Il incarne m\u00eame <strong data-start=\"213\" data-end=\"230\">l\u2019abb\u00e9 Pierre<\/strong> dans La Voix des Sans\u2011Voix au th\u00e9\u00e2tre Gr\u00e9vin en<br \/>\n2019. Il apparait \u00e9galement \u00e0 la t\u00e9l\u00e9vision, notamment dans la<br \/>\ns\u00e9rie Dreams : 1 R\u00eave 2<br \/>\nVies sur NRJ 12.<br \/>\nIl est papa d\u2019un fils depuis 2016, malgr\u00e9 un parcours personnel<br \/>\ncomplexe sur lequel il s\u2019est exprim\u00e9 publiquement.<\/p>\n<p>Whatfor : de la sc\u00e8ne \u00e0 la<br \/>\nt\u00e9l\u00e9-r\u00e9alit\u00e9<\/p>\n<p>Enfin, souvent qualifi\u00e9e de \u00ab\u00a0grande gueule\u00a0\u00bb, <a href=\"https:\/\/www.closermag.fr\/tv-tele-realite\/les-anges\/monia-les-anges-2-mon-image-est-grillee-134151\" target=\"_blank\" rel=\"noopener\"><br \/>\nMonia Righi<\/a> a mal v\u00e9cu la d\u00e9sillusion du succ\u00e8s. Apr\u00e8s un<br \/>\nretrait du milieu artistique, elle reprend en 2011 en participant<br \/>\naux Anges de la t\u00e9l\u00e9r\u00e9alit\u00e9 2 sur NRJ\u202f12. Elle enregistre<br \/>\nun featuring avec <strong data-start=\"249\" data-end=\"259\">Coolio<\/strong>, mais critique publiquement la superficialit\u00e9<br \/>\ndu programme. En 2012, elle apparait dans L\u2019\u00eele des v\u00e9rit\u00e9s, mais ne retrouve pas de<br \/>\ncarri\u00e8re musicale viable. Aujourd\u2019hui retir\u00e9e des medias, elle<br \/>\nrevendique toujours son statut d\u2019artiste sur ses r\u00e9seaux<br \/>\nsociaux.<\/p>\n<p>Diaporama<br \/>\n<img decoding=\"async\" class=\"diapo_img img-responsive lazy-load\" loading=\"lazy\" src=\"https:\/\/www.europesays.com\/fr\/wp-content\/uploads\/2025\/07\/whatfor-e1753100851104.jpg\"\/><\/p>\n<p>Guillaume Gaffiot\/Bestimage<\/p>\n<p>1\/3 Le groupe Whatfor a \u00e9t\u00e9 cr\u00e9\u00e9 dans<br \/>\nPopstars 2<\/p>\n<p>Il \u00e9tait compos\u00e9 de :\u00a0<\/p>\n<p><img decoding=\"async\" class=\"diapo_img img-responsive lazy-load\" loading=\"lazy\" src=\"https:\/\/www.europesays.com\/fr\/wp-content\/uploads\/2025\/07\/bestimage_00385679_001305.jpg\"\/><\/p>\n<p>Capture Youtube<\/p>\n<p>2\/3 Le groupe a connu un franc succ\u00e8s durant<br \/>\nun an<\/p>\n<p>Avant de se s\u00e9parer en 2003<\/p>\n<p><img decoding=\"async\" class=\"diapo_img img-responsive lazy-load\" loading=\"lazy\" src=\"https:\/\/www.europesays.com\/fr\/wp-content\/uploads\/2025\/07\/bestimage_00385679_001303.jpg\"\/><\/p>\n<p>Guillaume Gaffiot\/Bestimage<\/p>\n<p>3\/3 Chacun a pris des routes diff\u00e9rentes<\/p>\n<p>Gardant toujours, de pr\u00e8s ou de loin, un pied dans la<br \/>\nmusique<\/p>\n<p><script async src=\"\/\/www.instagram.com\/embed.js\"><\/script><\/p>\n","protected":false},"excerpt":{"rendered":"En 2002, M6 confie \u00e0 Popstars 2 la mission de monter un groupe mixte \u00e0 la L5, cette&hellip;\n","protected":false},"author":2,"featured_media":274986,"comment_status":"","ping_status":"","sticky":false,"template":"","format":"standard","meta":{"footnotes":""},"categories":[1355],"tags":[58,59,1011,27,1638,1361,873,729],"class_list":{"0":"post-274985","1":"post","2":"type-post","3":"status-publish","4":"format-standard","5":"has-post-thumbnail","7":"category-musique","8":"tag-divertissement","9":"tag-entertainment","10":"tag-fr","11":"tag-france","12":"tag-has_diapo","13":"tag-music","14":"tag-musique","15":"tag-yout_video"},"share_on_mastodon":{"url":"https:\/\/pubeurope.com\/@fr\/114919082840467375","error":""},"_links":{"self":[{"href":"https:\/\/www.europesays.com\/fr\/wp-json\/wp\/v2\/posts\/274985","targetHints":{"allow":["GET"]}}],"collection":[{"href":"https:\/\/www.europesays.com\/fr\/wp-json\/wp\/v2\/posts"}],"about":[{"href":"https:\/\/www.europesays.com\/fr\/wp-json\/wp\/v2\/types\/post"}],"author":[{"embeddable":true,"href":"https:\/\/www.europesays.com\/fr\/wp-json\/wp\/v2\/users\/2"}],"replies":[{"embeddable":true,"href":"https:\/\/www.europesays.com\/fr\/wp-json\/wp\/v2\/comments?post=274985"}],"version-history":[{"count":0,"href":"https:\/\/www.europesays.com\/fr\/wp-json\/wp\/v2\/posts\/274985\/revisions"}],"wp:featuredmedia":[{"embeddable":true,"href":"https:\/\/www.europesays.com\/fr\/wp-json\/wp\/v2\/media\/274986"}],"wp:attachment":[{"href":"https:\/\/www.europesays.com\/fr\/wp-json\/wp\/v2\/media?parent=274985"}],"wp:term":[{"taxonomy":"category","embeddable":true,"href":"https:\/\/www.europesays.com\/fr\/wp-json\/wp\/v2\/categories?post=274985"},{"taxonomy":"post_tag","embeddable":true,"href":"https:\/\/www.europesays.com\/fr\/wp-json\/wp\/v2\/tags?post=274985"}],"curies":[{"name":"wp","href":"https:\/\/api.w.org\/{rel}","templated":true}]}}