{"id":274989,"date":"2025-07-26T10:34:10","date_gmt":"2025-07-26T10:34:10","guid":{"rendered":"https:\/\/www.europesays.com\/fr\/274989\/"},"modified":"2025-07-26T10:34:10","modified_gmt":"2025-07-26T10:34:10","slug":"demence-la-pollution-de-lair-pointee-du-doigt-comme-facteur-aggravant-actualites","status":"publish","type":"post","link":"https:\/\/www.europesays.com\/fr\/274989\/","title":{"rendered":"D\u00e9mence : la pollution de l&rsquo;air point\u00e9e du doigt comme facteur aggravant : Actualit\u00e9s"},"content":{"rendered":"<p class=\"lead \"><strong>Une nouvelle \u00e9tude scientifique, publi\u00e9e dans The Lancet jeudi 24 juillet, met en \u00e9vidence que l\u2019exposition \u00e0 long terme \u00e0 la pollution atmosph\u00e9rique aggrave le risque de d\u00e9mence.<\/strong><\/p>\n<p class=\"lead \">Un danger pour notre sant\u00e9. La pollution atmosph\u00e9rique est nocive pour l\u2019\u00eatre humain, elle peut \u00eatre l\u2019une des causes de maladies respiratoires et cardiaques. Selon une \u00e9tude men\u00e9e par des chercheurs de l\u2019unit\u00e9 d\u2019\u00e9pid\u00e9miologie de l\u2019Universit\u00e9 de Cambridge, et publi\u00e9e dans la revue <a href=\"https:\/\/www.thelancet.com\/journals\/lanplh\/article\/PIIS2542-5196(25)00118-4\/fulltext\" target=\"_blank\" rel=\"nofollow noopener\">The Lancet Planetary Health<\/a> le 24 juillet, une exposition prolong\u00e9e \u00e0 la pollution de l\u2019air serait n\u00e9faste pour le d\u00e9veloppement de la d\u00e9mence.<\/p>\n<p class=\"lead \">Cette pathologie, qui implique une perte progressive des fonctions cognitives (capacit\u00e9 \u00e0 penser, m\u00e9moriser, raisonner, apprendre, comprendre, voire m\u00eame communiquer), est la huiti\u00e8me cause de d\u00e9c\u00e8s dans le monde. Elle touche pr\u00e8s de 60 millions de personnes, un chiffre qui pourrait tripler pour atteindre 152,8 millions d\u2019ici 2050 selon <a href=\"https:\/\/www.thelancet.com\/journals\/lanpub\/article\/PIIS2468-2667(21)00249-8\/fulltext\" target=\"_blank\" rel=\"nofollow noopener\">une \u00e9tude de 2022<\/a>.<\/p>\n<p class=\"lead \">En enqu\u00eatant sur les causes de ce syndrome, \u00e0 partir d\u2019une cinquantaine d\u2019\u00e9tudes scientifiques r\u00e9alis\u00e9es en Am\u00e9rique du Nord, en Europe, en Asie et en Australie, les chercheurs ont observ\u00e9 que certaines mol\u00e9cules augmentaient le risque de d\u00e9mence. Les particules fines (les PM2,5, d&rsquo;un diam\u00e8tre inf\u00e9rieur ou \u00e9gal \u00e0 2,5 microns), le dioxyde d&rsquo;azote (NO\u2082) et la suie sont particuli\u00e8rement mis en cause. Ces particules sont en grande partie d\u2019origine humaine, notamment issues des voitures thermiques, de la combustion du bois ou des rejets industriels.<\/p>\n<p>                                                                                                 \u00c0 Paris, le taux de pollution d\u00e9passe les seuils recommand\u00e9s <\/p>\n<p class=\"lead \">L\u2019\u00e9tude souligne que pour chaque augmentation de 10 microgrammes par m\u00e8tre cube de PM2,5 inhal\u00e9s, le risque de d\u00e9mence augmenterait de 17 %. Un chiffre d\u00e9j\u00e0 d\u00e9pass\u00e9 \u00e0 Paris, qui affichait en 2023 une concentration de 10,3 microgrammes par m\u00e8tre cube de ces particules fines <a href=\"https:\/\/fr.statista.com\/infographie\/31953\/pollution-particules-fines\/\" target=\"_blank\" rel=\"nofollow noopener\">d&rsquo;apr\u00e8s les donn\u00e9es d&rsquo;IQair.<\/a> L\u2019OMS, quant \u00e0 elle, recommande de ne pas d\u00e9passer les 5 microgrammes. Par ailleurs, une exposition \u00e0 seulement 1 microgramme par m\u00e8tre cube de suie entra\u00eenerait une hausse de 13 % du risque de d\u00e9mence.<\/p>\n<p class=\"lead \">Pour les chercheurs, il est urgent d\u2019agir. \u201cCette analyse s\u2019ajoute \u00e0 l\u2019ensemble des preuves selon lesquelles les polluants de l\u2019air ext\u00e9rieur sont des facteurs de risque de d\u00e9mence, indiquant qu\u2019une exposition r\u00e9duite \u00e0 la pollution pourrait r\u00e9duire les taux de d\u00e9mence et que des normes de qualit\u00e9 de l\u2019air plus strictes apporteraient probablement des avantages substantiels sur le plan sanitaire, social et \u00e9conomique\u201d, interpr\u00e8te l\u2019\u00e9tude.<\/p>\n<p class=\"lead \">Pour Christiaan Bredell, co-auteur principal de l\u2019\u00e9tude, dans <a href=\"https:\/\/health.medicaldialogues.in\/health\/study-links-air-pollution-to-increased-risk-of-dementia-152370\" target=\"_blank\" rel=\"nofollow noopener\">Health Medical Dialogues <\/a>: \u201cLa pr\u00e9vention de la d\u00e9mence n&rsquo;est pas seulement du ressort des soins de sant\u00e9. L&rsquo;urbanisme, la politique des transports et la r\u00e9glementation environnementale ont tous un r\u00f4le \u00e0 jouer.\u201d<\/p>\n<p class=\"small font-weight-bold text-gray3 \"> publi\u00e9 le 26 juillet \u00e0 10h00, Justin Schroeder, 6M\u00e9dias<\/p>\n<p>                             Partager<\/p>\n","protected":false},"excerpt":{"rendered":"Une nouvelle \u00e9tude scientifique, publi\u00e9e dans The Lancet jeudi 24 juillet, met en \u00e9vidence que l\u2019exposition \u00e0 long&hellip;\n","protected":false},"author":2,"featured_media":274990,"comment_status":"","ping_status":"","sticky":false,"template":"","format":"standard","meta":{"footnotes":""},"categories":[10],"tags":[1011,27,72,71],"class_list":{"0":"post-274989","1":"post","2":"type-post","3":"status-publish","4":"format-standard","5":"has-post-thumbnail","7":"category-sante","8":"tag-fr","9":"tag-france","10":"tag-health","11":"tag-sante"},"share_on_mastodon":{"url":"https:\/\/pubeurope.com\/@fr\/114919090634158420","error":""},"_links":{"self":[{"href":"https:\/\/www.europesays.com\/fr\/wp-json\/wp\/v2\/posts\/274989","targetHints":{"allow":["GET"]}}],"collection":[{"href":"https:\/\/www.europesays.com\/fr\/wp-json\/wp\/v2\/posts"}],"about":[{"href":"https:\/\/www.europesays.com\/fr\/wp-json\/wp\/v2\/types\/post"}],"author":[{"embeddable":true,"href":"https:\/\/www.europesays.com\/fr\/wp-json\/wp\/v2\/users\/2"}],"replies":[{"embeddable":true,"href":"https:\/\/www.europesays.com\/fr\/wp-json\/wp\/v2\/comments?post=274989"}],"version-history":[{"count":0,"href":"https:\/\/www.europesays.com\/fr\/wp-json\/wp\/v2\/posts\/274989\/revisions"}],"wp:featuredmedia":[{"embeddable":true,"href":"https:\/\/www.europesays.com\/fr\/wp-json\/wp\/v2\/media\/274990"}],"wp:attachment":[{"href":"https:\/\/www.europesays.com\/fr\/wp-json\/wp\/v2\/media?parent=274989"}],"wp:term":[{"taxonomy":"category","embeddable":true,"href":"https:\/\/www.europesays.com\/fr\/wp-json\/wp\/v2\/categories?post=274989"},{"taxonomy":"post_tag","embeddable":true,"href":"https:\/\/www.europesays.com\/fr\/wp-json\/wp\/v2\/tags?post=274989"}],"curies":[{"name":"wp","href":"https:\/\/api.w.org\/{rel}","templated":true}]}}