{"id":274995,"date":"2025-07-26T10:37:10","date_gmt":"2025-07-26T10:37:10","guid":{"rendered":"https:\/\/www.europesays.com\/fr\/274995\/"},"modified":"2025-07-26T10:37:10","modified_gmt":"2025-07-26T10:37:10","slug":"pour-cartographier-la-terre-en-3d-la-france-lance-ses-satellites-co3d","status":"publish","type":"post","link":"https:\/\/www.europesays.com\/fr\/274995\/","title":{"rendered":"Pour cartographier la Terre en 3D, la France lance ses satellites CO3D"},"content":{"rendered":"<p>Quatre satellites d\u00e9velopp\u00e9s par <strong>Airbus en partenariat avec le CNES<\/strong> ont \u00e9t\u00e9 plac\u00e9s en orbite depuis le Centre spatial guyanais. Leur mission : g\u00e9n\u00e9rer une <strong>carte 3D extr\u00eamement d\u00e9taill\u00e9e<\/strong> de la surface terrestre. Nom de code : <strong>CO3D<\/strong>, pour Constellation Optique 3D.<\/p>\n<p>Ce programme repose sur une technologie optique de nouvelle g\u00e9n\u00e9ration, embarqu\u00e9e \u00e0 bord de <strong>quatre satellites de 285 kg<\/strong>, positionn\u00e9s \u00e0 502 km d\u2019altitude en orbite h\u00e9liosynchrone.<\/p>\n<p>Ces satellites sont destin\u00e9s \u00e0 livrer un <strong>mod\u00e8le num\u00e9rique de surface (DSM)<\/strong> en haute d\u00e9finition, bas\u00e9 sur des images st\u00e9r\u00e9oscopiques de <strong>50 cm de r\u00e9solution<\/strong>.<\/p>\n<p>\u00c0 quoi sert une carte 3D de la plan\u00e8te ?<\/p>\n<p>Une carte 3D, ce n\u2019est pas seulement une jolie image. Cela signifie une <strong>repr\u00e9sentation altim\u00e9trique pr\u00e9cise<\/strong> de chaque recoin du globe, en tenant compte des variations de reliefs, des pentes, des volumes.<\/p>\n<ul>\n<li><strong>La surveillance militaire et strat\u00e9gique<\/strong> : en p\u00e9riode de tension g\u00e9opolitique, savoir o\u00f9 se trouvent les obstacles naturels, les voies d\u2019acc\u00e8s ou les positions favorables peut faire la diff\u00e9rence.<\/li>\n<li><strong>L\u2019am\u00e9nagement du territoire<\/strong> : anticiper les risques d\u2019inondation, mod\u00e9liser les zones urbaines, optimiser les infrastructures.<\/li>\n<li><strong>Les sciences de la Terre<\/strong> : suivre les mouvements de terrain, \u00e9tudier l\u2019\u00e9rosion, la tectonique, les ressources hydriques.<\/li>\n<\/ul>\n<p>Le CNES recevra un acc\u00e8s complet au mod\u00e8le 3D de la France ainsi que d\u2019une zone surnomm\u00e9e \u201cl\u2019arc de crise\u201d, un ensemble de territoires jug\u00e9s strat\u00e9giques.<\/p>\n<p>Une nouvelle mani\u00e8re de photographier la Terre<\/p>\n<p>Les satellites CO3D n\u2019utilisent pas un balayage lin\u00e9aire classique. Ils appliquent un mode baptis\u00e9 <strong>Step and Stare<\/strong>.<\/p>\n<ul>\n<li><strong>Stare<\/strong> : le satellite reste fixe quelques secondes sur une zone pour capturer une image tr\u00e8s nette.<\/li>\n<li><strong>Step<\/strong> : il effectue ensuite un micro-repositionnement orbital pour viser une zone adjacente.<\/li>\n<\/ul>\n<p>Chaque image couvre environ <strong>7 km par 5 km<\/strong>, et la succession rapide de prises permet de constituer des bandes d\u2019observation de <strong>7, 14, 21 ou 28 km de large<\/strong>.<\/p>\n<p>Ce syst\u00e8me optimise la pr\u00e9cision <strong>sans sacrifier la couverture g\u00e9ographique<\/strong>, tout en s\u2019adaptant aux priorit\u00e9s du moment.<\/p>\n<p>Une cha\u00eene de production h\u00e9rit\u00e9e des constellations commerciales<\/p>\n<p>Les satellites CO3D ont \u00e9t\u00e9 con\u00e7us dans les ateliers d\u2019Airbus \u00e0 Toulouse. La cha\u00eene d\u2019assemblage est inspir\u00e9e de celle des satellites OneWeb, avec une <strong>approche industrialis\u00e9e<\/strong>, modulaire, automatis\u00e9e.<\/p>\n<ul>\n<li>Des composants \u00e9lectroniques issus du monde civil, <strong>adapt\u00e9s aux contraintes spatiales<\/strong>.<\/li>\n<li>Une architecture standardis\u00e9e qui r\u00e9duit les co\u00fbts de production <strong>tout en garantissant la fiabilit\u00e9<\/strong>.<\/li>\n<li>Des outils de mod\u00e9lisation num\u00e9riques qui simulent en amont le comportement des instruments en orbite.<\/li>\n<\/ul>\n<p>Ce mod\u00e8le permet de produire <strong>rapidement<\/strong> une constellation op\u00e9rationnelle, sans compromis sur la qualit\u00e9 des donn\u00e9es.<\/p>\n<p>Un cloud pour transformer les images en donn\u00e9es utiles<\/p>\n<p>Les donn\u00e9es brutes recueillies par les satellites CO3D ne sont pas directement utilisables. Elles sont trait\u00e9es au sol, via une <strong>infrastructure cloud pilot\u00e9e par Airbus<\/strong>.<\/p>\n<ul>\n<li>D\u2019associer les images st\u00e9r\u00e9oscopiques pour <strong>reconstituer le relief<\/strong>.<\/li>\n<li>De corriger les effets li\u00e9s \u00e0 l\u2019atmosph\u00e8re, \u00e0 la g\u00e9om\u00e9trie des capteurs, aux variations lumineuses.<\/li>\n<li>De livrer des cartes pr\u00eates \u00e0 l\u2019usage pour les applications civiles, militaires ou scientifiques.<\/li>\n<\/ul>\n<p>Une mission parall\u00e8le pour le climat<\/p>\n<p>Le m\u00eame lanceur Vega-C a emport\u00e9 un autre passager : le satellite <strong>MicroCarb<\/strong>, fruit d\u2019une collaboration entre le CNES et l\u2019agence spatiale britannique.<\/p>\n<p>Objectif : mesurer le <strong>dioxyde de carbone (CO\u2082)<\/strong> dans l\u2019atmosph\u00e8re avec une pr\u00e9cision sans pr\u00e9c\u00e9dent.<\/p>\n<p>MicroCarb embarque un <strong>spectrom\u00e8tre con\u00e7u par Airbus<\/strong>, capable d\u2019analyser la lumi\u00e8re solaire r\u00e9fl\u00e9chie par la Terre et d\u2019en extraire les concentrations de gaz \u00e0 effet de serre.<\/p>\n<p>Un compl\u00e9ment id\u00e9al \u00e0 CO3D : pendant que l\u2019un cartographie les reliefs, l\u2019autre observe l\u2019atmosph\u00e8re.<\/p>\n<p><strong>R\u00e9sum\u00e9 \u00e0 retenir<\/strong><\/p>\n<ul>\n<li>Les satellites CO3D sont con\u00e7us pour produire une carte 3D pr\u00e9cise de la Terre \u00e0 50 cm de r\u00e9solution.<\/li>\n<li>Ils utilisent un mode d\u2019imagerie innovant nomm\u00e9 Step and Stare pour optimiser la couverture et la pr\u00e9cision.<\/li>\n<li>Le programme est port\u00e9 par Airbus et le CNES, avec un ancrage industriel \u00e0 Toulouse.<\/li>\n<li>Les donn\u00e9es 3D seront trait\u00e9es dans le cloud pour alimenter des applications militaires, civiles et scientifiques.<\/li>\n<li>Le lancement a aussi permis de d\u00e9ployer le satellite MicroCarb d\u00e9di\u00e9 \u00e0 la mesure du CO\u2082 atmosph\u00e9rique.<\/li>\n<li>La constellation se distingue par une fabrication inspir\u00e9e du mod\u00e8le industriel des satellites commerciaux OneWeb.<\/li>\n<li>Le premier objectif : cartographier la France et l\u2019arc de crise en 18 mois apr\u00e8s la phase de tests en orbite.<\/li>\n<\/ul>\n","protected":false},"excerpt":{"rendered":"Quatre satellites d\u00e9velopp\u00e9s par Airbus en partenariat avec le CNES ont \u00e9t\u00e9 plac\u00e9s en orbite depuis le Centre&hellip;\n","protected":false},"author":2,"featured_media":274996,"comment_status":"","ping_status":"","sticky":false,"template":"","format":"standard","meta":{"footnotes":""},"categories":[7],"tags":[36,386,1011,27,43,40,41,39,42,44],"class_list":{"0":"post-274995","1":"post","2":"type-post","3":"status-publish","4":"format-standard","5":"has-post-thumbnail","7":"category-sciences-et-technologies","8":"tag-airbus","9":"tag-espace","10":"tag-fr","11":"tag-france","12":"tag-science","13":"tag-science-and-technology","14":"tag-sciences","15":"tag-sciences-et-technologies","16":"tag-technologies","17":"tag-technology"},"share_on_mastodon":{"url":"https:\/\/pubeurope.com\/@fr\/114919102461236316","error":""},"_links":{"self":[{"href":"https:\/\/www.europesays.com\/fr\/wp-json\/wp\/v2\/posts\/274995","targetHints":{"allow":["GET"]}}],"collection":[{"href":"https:\/\/www.europesays.com\/fr\/wp-json\/wp\/v2\/posts"}],"about":[{"href":"https:\/\/www.europesays.com\/fr\/wp-json\/wp\/v2\/types\/post"}],"author":[{"embeddable":true,"href":"https:\/\/www.europesays.com\/fr\/wp-json\/wp\/v2\/users\/2"}],"replies":[{"embeddable":true,"href":"https:\/\/www.europesays.com\/fr\/wp-json\/wp\/v2\/comments?post=274995"}],"version-history":[{"count":0,"href":"https:\/\/www.europesays.com\/fr\/wp-json\/wp\/v2\/posts\/274995\/revisions"}],"wp:featuredmedia":[{"embeddable":true,"href":"https:\/\/www.europesays.com\/fr\/wp-json\/wp\/v2\/media\/274996"}],"wp:attachment":[{"href":"https:\/\/www.europesays.com\/fr\/wp-json\/wp\/v2\/media?parent=274995"}],"wp:term":[{"taxonomy":"category","embeddable":true,"href":"https:\/\/www.europesays.com\/fr\/wp-json\/wp\/v2\/categories?post=274995"},{"taxonomy":"post_tag","embeddable":true,"href":"https:\/\/www.europesays.com\/fr\/wp-json\/wp\/v2\/tags?post=274995"}],"curies":[{"name":"wp","href":"https:\/\/api.w.org\/{rel}","templated":true}]}}