{"id":274999,"date":"2025-07-26T10:39:15","date_gmt":"2025-07-26T10:39:15","guid":{"rendered":"https:\/\/www.europesays.com\/fr\/274999\/"},"modified":"2025-07-26T10:39:15","modified_gmt":"2025-07-26T10:39:15","slug":"selon-netanyahu-israel-envisage-dautres-solutions-que-des-pourparlers-de-paix-avec-le-hamas","status":"publish","type":"post","link":"https:\/\/www.europesays.com\/fr\/274999\/","title":{"rendered":"Selon Netanyahu, Isra\u00ebl envisage d&rsquo;autres solutions que des pourparlers de paix avec le Hamas"},"content":{"rendered":"<p>            <img decoding=\"async\" class=\"c-ad__placeholder__logo\" src=\"https:\/\/static.euronews.com\/website\/images\/logos\/logo-euronews-grey-6-180x22.svg\" width=\"180\" height=\"22\" alt=\"\" loading=\"lazy\"\/><br \/>\n            PUBLICIT\u00c9<\/p>\n<p>Le Premier ministre isra\u00e9lien Benjamin Netanyahu a d\u00e9clar\u00e9 vendredi que son gouvernement envisageait des \u00ab\u00a0options alternatives\u00a0\u00bb aux pourparlers de cessez-le-feu avec le Hamas, apr\u00e8s qu&rsquo;Isra\u00ebl et les \u00c9tats-Unis ont <strong>rappel\u00e9 leurs \u00e9quipes de n\u00e9gociation du Qatar<\/strong>, jetant ainsi une nouvelle incertitude sur l&rsquo;avenir des n\u00e9gociations.<\/p>\n<p>La d\u00e9claration du chef du gouvernement isra\u00e9lien est intervenue alors qu&rsquo;un responsable du Hamas a annonc\u00e9 que <strong>les n\u00e9gociations devraient reprendre la semaine prochaine<\/strong> et a d\u00e9crit le retrait des d\u00e9l\u00e9gations isra\u00e9lienne et am\u00e9ricaine comme un moyen de pression.<\/p>\n<p><a href=\"https:\/\/fr.euronews.com\/2025\/07\/24\/le-hamas-ne-veut-pas-la-paix-les-negociateurs-americains-interrompent-les-pourparlers-au-q\" target=\"_blank\" rel=\"noopener\"><strong>Les \u00e9quipes ont quitt\u00e9 Doha jeudi<\/strong><\/a>, alors que l&rsquo;envoy\u00e9 sp\u00e9cial du pr\u00e9sident Donald Trump, Steve Witkoff, a d\u00e9clar\u00e9 que la derni\u00e8re r\u00e9ponse du Hamas aux propositions d&rsquo;accord montrait un \u00ab\u00a0manque de volont\u00e9\u00a0\u00bb de parvenir \u00e0 une tr\u00eave.<\/p>\n<p>Steve Witkoff a d\u00e9clar\u00e9 que les \u00c9tats-Unis examineraient des \u00ab\u00a0options alternatives\u00a0\u00bb, sans donner plus de d\u00e9tails.<\/p>\n<p>Dans un communiqu\u00e9 publi\u00e9 par son bureau, Benjamin Netanyahu a fait \u00e9cho \u00e0 l&rsquo;envoy\u00e9 sp\u00e9cial am\u00e9ricain en d\u00e9clarant que \u00ab\u00a0le Hamas est l&rsquo;obstacle \u00e0 un accord de lib\u00e9ration des otages\u00a0\u00bb.<\/p>\n<p>\u00ab\u00a0Avec nos alli\u00e9s am\u00e9ricains, nous envisageons maintenant d&rsquo;autres options pour ramener nos otages \u00e0 la maison, mettre fin au r\u00e9gime de terreur du Hamas et garantir une paix durable pour Isra\u00ebl et notre r\u00e9gion\u00a0\u00bb, a-t-il d\u00e9clar\u00e9.<\/p>\n<p>Il n&rsquo;a <strong>pas donn\u00e9 plus de d\u00e9tails<\/strong> sur ce que pourraient \u00eatre ces autres options. Le gouvernement isra\u00e9lien n&rsquo;a pas non plus r\u00e9pondu \u00e0 la question de savoir si les n\u00e9gociations reprendraient la semaine prochaine.<\/p>\n<p>Un responsable du Hamas, Bassem Naim, a d\u00e9clar\u00e9 vendredi que le groupe avait \u00e9t\u00e9 inform\u00e9 que la d\u00e9l\u00e9gation isra\u00e9lienne \u00e9tait rentr\u00e9e chez elle pour des consultations et qu&rsquo;<strong>elle reviendrait au d\u00e9but de la semaine prochaine<\/strong> pour reprendre les n\u00e9gociations sur le cessez-le-feu.<\/p>\n<p>Pression sur le Hamas<\/p>\n<p>Le Hamas a d\u00e9clar\u00e9 que les remarques de Steve Witkoff \u00e9taient destin\u00e9es \u00e0 faire pression sur le groupe au profit de Benjamin Netanyahu lors du prochain cycle de n\u00e9gociations et que ces derniers jours, les n\u00e9gociations avaient progress\u00e9.<\/p>\n<p>Bassem Naim a d\u00e9clar\u00e9 que plusieurs questions avaient \u00e9t\u00e9 presque r\u00e9solues, telles que l&rsquo;ordre du jour du cessez-le-feu, <strong>les garanties de poursuite des n\u00e9gociations en vue de parvenir \u00e0 un accord permanent<\/strong> et les modalit\u00e9s d&rsquo;acheminement de l&rsquo;aide humanitaire.<\/p>\n<p>Les deux parties ont tenu des semaines de n\u00e9gociations au Qatar, faisant \u00e9tat de petits signes de progr\u00e8s, mais sans perc\u00e9e majeure.<\/p>\n<p>Des responsables ont d\u00e9clar\u00e9 que le red\u00e9ploiement des troupes isra\u00e9liennes apr\u00e8s un \u00e9ventuel cessez-le-feu constituait l&rsquo;un des principaux points d&rsquo;achoppement.<\/p>\n<p>L&rsquo;accord en cours de discussion devrait inclure <strong>un cessez-le-feu initial de 60 jours<\/strong> au cours duquel le Hamas lib\u00e9rerait 10 otages vivants et les d\u00e9pouilles de 18 autres par \u00e9tapes, en \u00e9change de Palestiniens emprisonn\u00e9s par Isra\u00ebl.<\/p>\n<p>L&rsquo;acheminement de l&rsquo;aide serait acc\u00e9l\u00e9r\u00e9 et les deux parties n\u00e9gocieraient un cessez-le-feu durable.<\/p>\n<p>Les pourparlers se sont <strong>enlis\u00e9s en raison d&rsquo;exigences divergentes concernant la fin de la guerre<\/strong>. Le Hamas affirme qu&rsquo;il ne lib\u00e9rera tous les otages qu&rsquo;en \u00e9change d&rsquo;un retrait total d&rsquo;Isra\u00ebl et de la fin de la guerre.<\/p>\n<p>Isra\u00ebl affirme qu&rsquo;il <strong>n&rsquo;acceptera pas de mettre fin au conflit tant que le Hamas n&rsquo;abandonnera pas le pouvoir<\/strong> et ne d\u00e9sarmera pas. Le groupe militant se dit pr\u00eat \u00e0 quitter le pouvoir mais pas \u00e0 rendre ses armes.<\/p>\n<p>Le Hamas d\u00e9tiendrait les otages dans diff\u00e9rents endroits, notamment dans des tunnels, et affirme avoir ordonn\u00e9 \u00e0 ses gardes de les tuer si les forces isra\u00e9liennes s&rsquo;approchaient.<\/p>\n<p><strong>Une cinquantaine d&rsquo;otages se trouvent toujours \u00e0 Gaza<\/strong>, mais moins de la moiti\u00e9 d&rsquo;entre eux seraient en vie. Leurs familles affirment que les pourparlers qui s&rsquo;encha\u00eenent sont insoutenables.<\/p>\n<p>\u00ab\u00a0J&rsquo;ai pens\u00e9 que quelque chose allait peut-\u00eatre se produire pendant la p\u00e9riode o\u00f9 l&rsquo;\u00e9quipe isra\u00e9lienne charg\u00e9e des n\u00e9gociations \u00e9tait \u00e0 Doha\u00a0\u00bb, a d\u00e9clar\u00e9 Yehuda Cohen, dont le fils, Nimrod, est retenu en otage.<\/p>\n<p>Lorsque j&rsquo;ai appris qu&rsquo;ils revenaient, je me suis demand\u00e9 : \u00ab\u00a0Quand ce cauchemar prendra-t-il fin ? Quand ce cauchemar prendra-t-il fin ?\u00a0\u00bb<\/p>\n<p>Aggravation de la situation humanitaire<\/p>\n<p>Le gouvernement Trump n&rsquo;a pas r\u00e9ussi \u00e0 obtenir un accord de cessez-le-feu entre Isra\u00ebl et le Hamas, alors que la situation humanitaire continue de se d\u00e9t\u00e9riorer \u00e0 Gaza.<\/p>\n<p>Isra\u00ebl est soumis \u00e0 des pressions croissantes alors que <strong>la faim parmi les plus de 2 millions d&rsquo;habitants de Gaza s&rsquo;est aggrav\u00e9e<\/strong> et que les d\u00e9c\u00e8s li\u00e9s \u00e0 la malnutrition se sont acc\u00e9l\u00e9r\u00e9s.<\/p>\n<p>Ces derniers jours, plus d&rsquo;une vingtaine de pays align\u00e9s sur l&rsquo;Occident et <a href=\"https:\/\/fr.euronews.com\/2025\/07\/23\/gaza-plus-de-100-ong-alertent-sur-une-famine-de-masse-dans-lenclave\" target=\"_blank\" rel=\"noopener\"><strong>plus d&rsquo;une centaine d&rsquo;organisations caritatives et de d\u00e9fense des droits de l&rsquo;homme<\/strong><\/a> ont appel\u00e9 \u00e0 la fin de la guerre, critiquant s\u00e9v\u00e8rement le blocus d&rsquo;Isra\u00ebl et le nouveau mod\u00e8le d&rsquo;acheminement de l&rsquo;aide qu&rsquo;il a mis en place.<\/p>\n<p>Les organisations caritatives et les groupes de d\u00e9fense des droits de l&rsquo;homme ont d\u00e9clar\u00e9 que m\u00eame leur propre personnel avait du mal \u00e0 obtenir suffisamment de nourriture.<\/p>\n","protected":false},"excerpt":{"rendered":"PUBLICIT\u00c9 Le Premier ministre isra\u00e9lien Benjamin Netanyahu a d\u00e9clar\u00e9 vendredi que son gouvernement envisageait des \u00ab\u00a0options alternatives\u00a0\u00bb aux&hellip;\n","protected":false},"author":2,"featured_media":275000,"comment_status":"","ping_status":"","sticky":false,"template":"","format":"standard","meta":{"footnotes":""},"categories":[5],"tags":[11,4628,41439,1866,1011,27,5643,14,12,3518,1463,28],"class_list":{"0":"post-274999","1":"post","2":"type-post","3":"status-publish","4":"format-standard","5":"has-post-thumbnail","7":"category-international","8":"tag-actualites","9":"tag-bande-de-gaza","10":"tag-crise-humanitaire","11":"tag-etats-unis-damerique","12":"tag-fr","13":"tag-france","14":"tag-guerre-israel-hamas","15":"tag-international","16":"tag-news","17":"tag-palestine","18":"tag-qatar","19":"tag-world"},"share_on_mastodon":{"url":"https:\/\/pubeurope.com\/@fr\/114919110358310600","error":""},"_links":{"self":[{"href":"https:\/\/www.europesays.com\/fr\/wp-json\/wp\/v2\/posts\/274999","targetHints":{"allow":["GET"]}}],"collection":[{"href":"https:\/\/www.europesays.com\/fr\/wp-json\/wp\/v2\/posts"}],"about":[{"href":"https:\/\/www.europesays.com\/fr\/wp-json\/wp\/v2\/types\/post"}],"author":[{"embeddable":true,"href":"https:\/\/www.europesays.com\/fr\/wp-json\/wp\/v2\/users\/2"}],"replies":[{"embeddable":true,"href":"https:\/\/www.europesays.com\/fr\/wp-json\/wp\/v2\/comments?post=274999"}],"version-history":[{"count":0,"href":"https:\/\/www.europesays.com\/fr\/wp-json\/wp\/v2\/posts\/274999\/revisions"}],"wp:featuredmedia":[{"embeddable":true,"href":"https:\/\/www.europesays.com\/fr\/wp-json\/wp\/v2\/media\/275000"}],"wp:attachment":[{"href":"https:\/\/www.europesays.com\/fr\/wp-json\/wp\/v2\/media?parent=274999"}],"wp:term":[{"taxonomy":"category","embeddable":true,"href":"https:\/\/www.europesays.com\/fr\/wp-json\/wp\/v2\/categories?post=274999"},{"taxonomy":"post_tag","embeddable":true,"href":"https:\/\/www.europesays.com\/fr\/wp-json\/wp\/v2\/tags?post=274999"}],"curies":[{"name":"wp","href":"https:\/\/api.w.org\/{rel}","templated":true}]}}