{"id":27500,"date":"2025-04-15T20:24:14","date_gmt":"2025-04-15T20:24:14","guid":{"rendered":"https:\/\/www.europesays.com\/fr\/27500\/"},"modified":"2025-04-15T20:24:14","modified_gmt":"2025-04-15T20:24:14","slug":"un-conducteur-fait-un-tonneau-sur-la33","status":"publish","type":"post","link":"https:\/\/www.europesays.com\/fr\/27500\/","title":{"rendered":"un conducteur fait un tonneau sur l&rsquo;A33"},"content":{"rendered":"<p>            Par<br \/>\n        <strong><br \/>\n            <a href=\"https:\/\/actu.fr\/auteur\/pierre-emile-bouchy-actu-fr\" title=\"Consulter tous les articles de Paul-Emile Bouchy\" target=\"_blank\" rel=\"noopener\">Paul-Emile Bouchy<\/a><br \/>\n        <\/strong><\/p>\n<p>        Publi\u00e9 le<\/p>\n<p>            15 avr. 2025 \u00e0 17h30        <\/p>\n<p>Lundi 14\u00a0avril, \u00e0 17h30, un impressionnant <a href=\"https:\/\/actu.fr\/tag\/accident\" target=\"_blank\" rel=\"noopener\">accident<\/a> a eu lieu sur l\u2019<a href=\"https:\/\/actu.fr\/tag\/autoroute-33-a33\" target=\"_blank\" rel=\"noopener\">autoroute A33<\/a> entre Laxou et le plateau de Brabois.<\/p>\n<p class=\" wall-content\">Pour une raison qui reste inconnue,<strong> un automobiliste a perdu le contr\u00f4le de son v\u00e9hicule<\/strong> qui a termin\u00e9 sur le toit.<\/p>\n<p>Le conducteur n\u2019a pas \u00e9t\u00e9 bless\u00e9<\/p>\n<p class=\" wall-content\">La sc\u00e8ne a \u00e9t\u00e9 capt\u00e9e par la dash cam (cam\u00e9ra du tableau de bord) d\u2019un v\u00e9hicule qui roulait dans le sens oppos\u00e9.<\/p>\n<p class=\" wall-content\">\n<p class=\" wall-content\">Contact\u00e9e par Lorraine Actu, la CRS autorouti\u00e8re de Champigneulles indique que <strong>l\u2019accident \u00ab\u2009n\u2019a pas fait de bless\u00e9 corporel\u2009\u00bb<\/strong>. Aucun autre v\u00e9hicule n\u2019a \u00e9t\u00e9 impliqu\u00e9 dans l\u2019accident.<\/p>\n<p class=\" wall-content\">Suivez toute l\u2019actualit\u00e9 de vos villes et m\u00e9dias favoris en vous inscrivant \u00e0 <a href=\"https:\/\/moncompte.actu.fr\" title=\"D\u00e9couvez Mon Actu\" rel=\"nofollow noopener\" data-trk=\"{&quot;cta&quot;:{&quot;action&quot;:&quot;https:\\\/\\\/moncompte.actu.fr&quot;,&quot;category&quot;:&quot;mon compte&quot;,&quot;from&quot;:&quot;article footer&quot;,&quot;name&quot;:&quot;Mon actu&quot;,&quot;type&quot;:&quot;cta&quot;}}\" target=\"_blank\">Mon Actu<\/a>.<\/p>\n<ul class=\"ac-article-tag wall-content\">\n<li><a href=\"https:\/\/actu.fr\/tag\/accident\" data-trk=\"{&quot;cta&quot;:{&quot;action&quot;:&quot;Accident&quot;,&quot;category&quot;:&quot;tag&quot;,&quot;from&quot;:&quot;article footer&quot;,&quot;name&quot;:&quot;Accident&quot;,&quot;type&quot;:&quot;cta&quot;}}\" target=\"_blank\" rel=\"noopener\">#Accident<\/a><\/li>\n<li><a href=\"https:\/\/actu.fr\/tag\/autoroute-33-a33\" data-trk=\"{&quot;cta&quot;:{&quot;action&quot;:&quot;Autoroute 33 (A33)&quot;,&quot;category&quot;:&quot;tag&quot;,&quot;from&quot;:&quot;article footer&quot;,&quot;name&quot;:&quot;Autoroute 33 (A33)&quot;,&quot;type&quot;:&quot;cta&quot;}}\" target=\"_blank\" rel=\"noopener\">#Autoroute 33 (A33)<\/a><\/li>\n<\/ul>\n","protected":false},"excerpt":{"rendered":"Par Paul-Emile Bouchy Publi\u00e9 le 15 avr. 2025 \u00e0 17h30 Lundi 14\u00a0avril, \u00e0 17h30, un impressionnant accident a&hellip;\n","protected":false},"author":2,"featured_media":27501,"comment_status":"","ping_status":"","sticky":false,"template":"","format":"standard","meta":{"footnotes":""},"categories":[9635],"tags":[119,1111,11,9672,1777,674,118,1011,27,775,1702,12,25],"class_list":{"0":"post-27500","1":"post","2":"type-post","3":"status-publish","4":"format-standard","5":"has-post-thumbnail","7":"category-nancy","8":"tag-accident","9":"tag-actu","10":"tag-actualites","11":"tag-autoroute-33-a33","12":"tag-eu","13":"tag-europe","14":"tag-faits-divers","15":"tag-fr","16":"tag-france","17":"tag-grand-est","18":"tag-nancy","19":"tag-news","20":"tag-republique-francaise"},"share_on_mastodon":{"url":"https:\/\/pubeurope.com\/@fr\/114343854955217726","error":""},"_links":{"self":[{"href":"https:\/\/www.europesays.com\/fr\/wp-json\/wp\/v2\/posts\/27500","targetHints":{"allow":["GET"]}}],"collection":[{"href":"https:\/\/www.europesays.com\/fr\/wp-json\/wp\/v2\/posts"}],"about":[{"href":"https:\/\/www.europesays.com\/fr\/wp-json\/wp\/v2\/types\/post"}],"author":[{"embeddable":true,"href":"https:\/\/www.europesays.com\/fr\/wp-json\/wp\/v2\/users\/2"}],"replies":[{"embeddable":true,"href":"https:\/\/www.europesays.com\/fr\/wp-json\/wp\/v2\/comments?post=27500"}],"version-history":[{"count":0,"href":"https:\/\/www.europesays.com\/fr\/wp-json\/wp\/v2\/posts\/27500\/revisions"}],"wp:featuredmedia":[{"embeddable":true,"href":"https:\/\/www.europesays.com\/fr\/wp-json\/wp\/v2\/media\/27501"}],"wp:attachment":[{"href":"https:\/\/www.europesays.com\/fr\/wp-json\/wp\/v2\/media?parent=27500"}],"wp:term":[{"taxonomy":"category","embeddable":true,"href":"https:\/\/www.europesays.com\/fr\/wp-json\/wp\/v2\/categories?post=27500"},{"taxonomy":"post_tag","embeddable":true,"href":"https:\/\/www.europesays.com\/fr\/wp-json\/wp\/v2\/tags?post=27500"}],"curies":[{"name":"wp","href":"https:\/\/api.w.org\/{rel}","templated":true}]}}