{"id":275003,"date":"2025-07-26T10:42:10","date_gmt":"2025-07-26T10:42:10","guid":{"rendered":"https:\/\/www.europesays.com\/fr\/275003\/"},"modified":"2025-07-26T10:42:10","modified_gmt":"2025-07-26T10:42:10","slug":"prison-ferme-pour-le-mari-menacant","status":"publish","type":"post","link":"https:\/\/www.europesays.com\/fr\/275003\/","title":{"rendered":"prison ferme pour le mari mena\u00e7ant"},"content":{"rendered":"<p>Sur son tee-shirt blanc tr\u00e8s moulant, une inscription \u00ab jeune, fun et open \u00bb qui sonne carr\u00e9ment faux.<\/p>\n<p>Car, depuis le box des pr\u00e9venus, ce Nig\u00e9rian de 34 ans l\u00e8ve r\u00e9guli\u00e8rement un index rageur en direction de sa compagne, pr\u00e9sente dans la salle. Et la gratifie d\u2019un regard noir d\u00e8s qu\u2019il prend la parole.<\/p>\n<p>\u00ab Jamais je n\u2019irai mendier \u00bb<\/p>\n<p>S\u00e9kou (pr\u00e9nom d\u2019emprunt) est jug\u00e9 au tribunal correctionnel pour des faits&#8230;<\/p>\n","protected":false},"excerpt":{"rendered":"Sur son tee-shirt blanc tr\u00e8s moulant, une inscription \u00ab jeune, fun et open \u00bb qui sonne carr\u00e9ment faux.&hellip;\n","protected":false},"author":2,"featured_media":275004,"comment_status":"","ping_status":"","sticky":false,"template":"","format":"standard","meta":{"footnotes":""},"categories":[9653],"tags":[1111,11,2430,271,272,7539,1777,674,274,1011,27,3367,12,25,4001,7538],"class_list":{"0":"post-275003","1":"post","2":"type-post","3":"status-publish","4":"format-standard","5":"has-post-thumbnail","7":"category-saint-etienne","8":"tag-actu","9":"tag-actualites","10":"tag-auvergne-rhone-alpes","11":"tag-crime","12":"tag-delit-et-contravention","13":"tag-edition-loire-sud","14":"tag-eu","15":"tag-europe","16":"tag-faits-divers-justice","17":"tag-fr","18":"tag-france","19":"tag-loire","20":"tag-news","21":"tag-republique-francaise","22":"tag-saint-etienne","23":"tag-saint-etienne-ville"},"share_on_mastodon":{"url":"https:\/\/pubeurope.com\/@fr\/114919122083195456","error":""},"_links":{"self":[{"href":"https:\/\/www.europesays.com\/fr\/wp-json\/wp\/v2\/posts\/275003","targetHints":{"allow":["GET"]}}],"collection":[{"href":"https:\/\/www.europesays.com\/fr\/wp-json\/wp\/v2\/posts"}],"about":[{"href":"https:\/\/www.europesays.com\/fr\/wp-json\/wp\/v2\/types\/post"}],"author":[{"embeddable":true,"href":"https:\/\/www.europesays.com\/fr\/wp-json\/wp\/v2\/users\/2"}],"replies":[{"embeddable":true,"href":"https:\/\/www.europesays.com\/fr\/wp-json\/wp\/v2\/comments?post=275003"}],"version-history":[{"count":0,"href":"https:\/\/www.europesays.com\/fr\/wp-json\/wp\/v2\/posts\/275003\/revisions"}],"wp:featuredmedia":[{"embeddable":true,"href":"https:\/\/www.europesays.com\/fr\/wp-json\/wp\/v2\/media\/275004"}],"wp:attachment":[{"href":"https:\/\/www.europesays.com\/fr\/wp-json\/wp\/v2\/media?parent=275003"}],"wp:term":[{"taxonomy":"category","embeddable":true,"href":"https:\/\/www.europesays.com\/fr\/wp-json\/wp\/v2\/categories?post=275003"},{"taxonomy":"post_tag","embeddable":true,"href":"https:\/\/www.europesays.com\/fr\/wp-json\/wp\/v2\/tags?post=275003"}],"curies":[{"name":"wp","href":"https:\/\/api.w.org\/{rel}","templated":true}]}}