{"id":275026,"date":"2025-07-26T10:56:21","date_gmt":"2025-07-26T10:56:21","guid":{"rendered":"https:\/\/www.europesays.com\/fr\/275026\/"},"modified":"2025-07-26T10:56:21","modified_gmt":"2025-07-26T10:56:21","slug":"qui-sont-les-figures-emblematiques-du-marche-des-lices-a-rennes","status":"publish","type":"post","link":"https:\/\/www.europesays.com\/fr\/275026\/","title":{"rendered":"Qui sont les figures embl\u00e9matiques du march\u00e9 des Lices \u00e0 Rennes ?"},"content":{"rendered":"<p>D\u00e9code la Bretagne<\/p>\n<p>Le 26 juillet 2025 \u00e0 08h44<\/p>\n<p class=\"tlg-h5\">Ils sont boulangers, confituriers, mara\u00eechers, fromagers ou m\u00eame&#8230; chanteurs de rue. Chaque samedi, ils sont l\u00e0, fid\u00e8les au poste. Avec leur voix qui porte, leur franc parler et leur passion d\u00e9bordante. Ces personnalit\u00e9s font battre le c\u0153ur du march\u00e9 des Lices \u00e0 Rennes, depuis plus de 40 ans pour certains. Cet \u00e9t\u00e9, la r\u00e9daction du T\u00e9l\u00e9gramme vous propose de partir \u00e0 leur rencontre \u00e0 travers les \u00e9tals du deuxi\u00e8me plus grand march\u00e9 de France.<\/p>\n","protected":false},"excerpt":{"rendered":"D\u00e9code la Bretagne Le 26 juillet 2025 \u00e0 08h44 Ils sont boulangers, confituriers, mara\u00eechers, fromagers ou m\u00eame&#8230; chanteurs&hellip;\n","protected":false},"author":2,"featured_media":275027,"comment_status":"","ping_status":"","sticky":false,"template":"","format":"standard","meta":{"footnotes":""},"categories":[2821],"tags":[1111,11,34929,829,41440,1777,674,1011,27,12,584,25,37345],"class_list":{"0":"post-275026","1":"post","2":"type-post","3":"status-publish","4":"format-standard","5":"has-post-thumbnail","7":"category-rennes","8":"tag-actu","9":"tag-actualites","10":"tag-bloc-dossier-rennes","11":"tag-bretagne","12":"tag-decode-la-bretagne","13":"tag-eu","14":"tag-europe","15":"tag-fr","16":"tag-france","17":"tag-news","18":"tag-rennes","19":"tag-republique-francaise","20":"tag-series-dete"},"share_on_mastodon":{"url":"https:\/\/pubeurope.com\/@fr\/114919177405390409","error":""},"_links":{"self":[{"href":"https:\/\/www.europesays.com\/fr\/wp-json\/wp\/v2\/posts\/275026","targetHints":{"allow":["GET"]}}],"collection":[{"href":"https:\/\/www.europesays.com\/fr\/wp-json\/wp\/v2\/posts"}],"about":[{"href":"https:\/\/www.europesays.com\/fr\/wp-json\/wp\/v2\/types\/post"}],"author":[{"embeddable":true,"href":"https:\/\/www.europesays.com\/fr\/wp-json\/wp\/v2\/users\/2"}],"replies":[{"embeddable":true,"href":"https:\/\/www.europesays.com\/fr\/wp-json\/wp\/v2\/comments?post=275026"}],"version-history":[{"count":0,"href":"https:\/\/www.europesays.com\/fr\/wp-json\/wp\/v2\/posts\/275026\/revisions"}],"wp:featuredmedia":[{"embeddable":true,"href":"https:\/\/www.europesays.com\/fr\/wp-json\/wp\/v2\/media\/275027"}],"wp:attachment":[{"href":"https:\/\/www.europesays.com\/fr\/wp-json\/wp\/v2\/media?parent=275026"}],"wp:term":[{"taxonomy":"category","embeddable":true,"href":"https:\/\/www.europesays.com\/fr\/wp-json\/wp\/v2\/categories?post=275026"},{"taxonomy":"post_tag","embeddable":true,"href":"https:\/\/www.europesays.com\/fr\/wp-json\/wp\/v2\/tags?post=275026"}],"curies":[{"name":"wp","href":"https:\/\/api.w.org\/{rel}","templated":true}]}}