{"id":275028,"date":"2025-07-26T10:57:13","date_gmt":"2025-07-26T10:57:13","guid":{"rendered":"https:\/\/www.europesays.com\/fr\/275028\/"},"modified":"2025-07-26T10:57:13","modified_gmt":"2025-07-26T10:57:13","slug":"le-bel-ete-de-la-precarite-un-campement-en-sursis-envie-menacee","status":"publish","type":"post","link":"https:\/\/www.europesays.com\/fr\/275028\/","title":{"rendered":"le bel \u00e9t\u00e9 de la pr\u00e9carit\u00e9, un campement en sursis, Envie menac\u00e9e"},"content":{"rendered":"<p>On aurait voulu faire autrement mais c\u2019\u00e9tait compliqu\u00e9. L\u2019actu cette semaine c\u2019est la d\u00e9prime totale. Une d\u00e9prime quasi nietzsch\u00e9enne\u00a0: l\u2019\u00c9ternel retour du m\u00eame \u2013 les campements qu\u2019on \u00e9vacue pour qu\u2019ils se reforment ailleurs, la pauvret\u00e9 qui tape dur sur ceux qui n\u2019en demandent pas tant et les assos qui les aident comme elles peuvent. On a peut-\u00eatre besoin de vacances, mais les mauvaises nouvelles aussi. En attendant, allons y gaiement.<\/p>\n<p>  L\u2019histoire de la semaine<\/p>\n<p>Chaque midi jusqu\u2019\u00e0 fin ao\u00fbt, la Fabrique de th\u00e9\u00e2tre se mue en cantine solidaire. <a href=\"https:\/\/www.dna.fr\/social\/2025\/07\/23\/distribution-alimentaire-estivale-pres-de-500-repas-par-jour-une-affluence-record-qui-inquiete\" target=\"_blank\" rel=\"noopener\">En moyenne 500 personnes y viennent chercher un repas, un mot, une pr\u00e9sence.<\/a> La file s\u2019allonge, les visages changent\u00a0: \u00e9tudiants, retrait\u00e9s, familles log\u00e9es mais en gal\u00e8re de fin de mois. En 2024, 24\u00a0000 repas avaient \u00e9t\u00e9 distribu\u00e9s. Cette ann\u00e9e, la hausse est d\u00e9j\u00e0 de 20\u00a0% sur les deux premi\u00e8res semaines. La municipalit\u00e9 finance \u00e0 hauteur de 150\u00a0000\u00a0euros, l\u2019\u00c9tat 15\u00a0000\u00a0euros.<\/p>\n<p>Derri\u00e8re les barquettes\u00a0: 80 b\u00e9n\u00e9voles se relaient, et les associations \u00e0 la coordination \u2013 Secours Populaire et Abribus \u2013 se trouvent en tension. Les murs, eux, ne s\u2019\u00e9largissent pas. Et la pauvret\u00e9, elle, ne prend pas de vacances.<\/p>\n<p>  L\u2019autre histoire de la semaine<\/p>\n<p>Les jours compt\u00e9s d\u2019un campement invisible. Soixante tentes, cent quatre-vingts personnes, dont une soixantaine d\u2019enfants\u00a0: le campement du parc du Heyritz, en plein c\u0153ur de Strasbourg, <a href=\"https:\/\/www.dna.fr\/societe\/2025\/07\/23\/que-va-t-il-nous-arriver-au-camp-du-heyritz-les-rumeurs-d-evacuation-inquietent\" target=\"_blank\" rel=\"noopener\">cristallise la crise de l\u2019h\u00e9bergement d\u2019urgence<\/a>. Chaque soir, apr\u00e8s le travail ou les cours de fran\u00e7ais, les migrants, r\u00e9fugi\u00e9s comme d\u00e9bout\u00e9s, reviennent dormir ici. Dans la chaleur, l\u2019indignit\u00e9 d\u2019un habitat de fortune et la peur de l\u2019\u00e9vacuation qui monte \u2013 elle viendra dans la premi\u00e8re semaine d\u2019ao\u00fbt, <a href=\"https:\/\/www.dna.fr\/faits-divers-justice\/2025\/07\/25\/les-occupants-du-parc-du-heyritz-forces-de-quitter-les-lieux-sous-huit-jours\" target=\"_blank\" rel=\"noopener\">le tribunal ayant donn\u00e9 huit jours aux occupants<\/a>.<\/p>\n<p>    &#13;<br \/>\n    &#13;<br \/>\n    &#13;<br \/>\n    <a href=\"https:\/\/cdn-s-www.dna.fr\/images\/52ea5f7e-0799-4e72-896b-a8a15ab41b67\/NW_raw\/les-jours-du-campement-du-heyritz-sont-comptes-photo-jean-marc-loos-1753526264.jpg\" title=\"Les jours du campement du Heyritz sont compt\u00e9s. Photo Jean-Marc Loos\" class=\"chocolat-image GA-tracking\" data-ga_type=\"click\" data-ga_category=\"D\u00e9tail\" data-ga_action=\"zoomer\" data-ga_label=\"aggrandir image\" target=\"_blank\" rel=\"noopener\">&#13;<br \/>\n        <img src=\"https:\/\/www.europesays.com\/fr\/wp-content\/uploads\/2025\/07\/les-jours-du-campement-du-heyritz-sont-comptes-photo-jean-marc-loos-1753526264.jpg\"   alt=\"Les jours du campement du Heyritz sont compt\u00e9s. Photo Jean-Marc Loos\" fetchpriority=\"high\" decoding=\"async\" data-mobile=\"NW_listA_M|1753526264\" data-base=\"NW_listA|1753526264\"\/>&#13;<br \/>\n    <\/a>&#13;<\/p>\n<p>Les jours du campement du Heyritz sont compt\u00e9s. Photo Jean-Marc Loos<\/p>\n<p>Sabine Carriou, de l\u2019association Les Petites Roues, rappelle que nombre de ces familles ont \u00e9t\u00e9 mises \u00e0 la rue apr\u00e8s la suppression de pr\u00e8s de 700 places d\u2019h\u00e9bergement pour m\u00e9nages \u00e0 droits incomplets (MDI). \u00ab\u00a0L\u2019\u00e9vacuation\u00a0? Elle ne r\u00e9sout rien. Les r\u00e9fugi\u00e9s auront peut-\u00eatre une solution. Les autres chercheront juste un nouveau coin de verdure.\u00a0\u00bb<\/p>\n<p>La Ville installe des toilettes, \u00e9lague les arbres pour limiter les risques. Mais \u00e0 force de tourner en rond, le cercle devient vicieux.<\/p>\n<p>  Les chiffres de la semaine<\/p>\n<p>\u00c0 Strasbourg, l\u2019association Envie a donn\u00e9 une seconde vie \u00e0 7\u00a0131 appareils \u00e9lectrom\u00e9nagers l\u2019an dernier sur 12\u00a0000 r\u00e9cup\u00e9r\u00e9s. Mais depuis la loi Agec de 2020, le \u00ab\u00a0gisement\u00a0\u00bb s\u2019\u00e9puise. <a href=\"https:\/\/www.dna.fr\/societe\/2025\/07\/08\/l-entreprise-d-insertion-envie-menacee-dans-son-activite-lance-un-appel-aux-dons\" target=\"_blank\" rel=\"noopener\">Le nombre d\u2019appareils entrants aurait chut\u00e9 de 50\u00a0% en un an<\/a>. En cause\u00a0: la concurrence des grandes enseignes qui reprennent d\u00e9sormais directement les produits usag\u00e9s\u2026 sans d\u00e9marche d\u2019insertion.<\/p>\n<p>    &#13;<br \/>\n    &#13;<br \/>\n    &#13;<br \/>\n    <a href=\"https:\/\/cdn-s-www.dna.fr\/images\/9b6e9f61-449b-436e-b410-be2fb99f5aaf\/NW_raw\/l-association-envie-a-donne-une-seconde-vie-a-7-131-appareils-electromenagers-l-an-dernier-photo-laurent-rea-1753526267.jpg\" title=\"L\u2019association Envie a donn\u00e9 une seconde vie \u00e0 7 131 appareils \u00e9lectrom\u00e9nagers l\u2019an dernier. \u00a0 Photo Laurent R\u00e9a\" class=\"chocolat-image GA-tracking\" data-ga_type=\"click\" data-ga_category=\"D\u00e9tail\" data-ga_action=\"zoomer\" data-ga_label=\"aggrandir image\" target=\"_blank\" rel=\"noopener\">&#13;<br \/>\n        <img src=\"https:\/\/www.europesays.com\/fr\/wp-content\/uploads\/2025\/07\/l-association-envie-a-donne-une-seconde-vie-a-7-131-appareils-electromenagers-l-an-dernier-photo-lau.jpeg\"   alt=\"L\u2019association Envie a donn\u00e9 une seconde vie \u00e0 7 131 appareils \u00e9lectrom\u00e9nagers l\u2019an dernier. \u00a0 Photo Laurent R\u00e9a\" fetchpriority=\"high\" decoding=\"async\" data-mobile=\"NW_listA_M|1753526267\" data-base=\"NW_listA|1753526267\"\/>&#13;<br \/>\n    <\/a>&#13;<\/p>\n<p> L\u2019association Envie a donn\u00e9 une seconde vie \u00e0 7 131 appareils \u00e9lectrom\u00e9nagers l\u2019an dernier. \u00a0 Photo Laurent R\u00e9a <\/p>\n<p>\u00c0 Koenigshoffen et rue Herrade, 35 salari\u00e9s en CDD d\u2019insertion travaillent dans les ateliers d\u2019Envie, qui accompagne 180 personnes chaque ann\u00e9e vers l\u2019emploi, avec 60\u00a0% de sorties positives. Mais pour continuer \u00e0 faire rimer \u00e9conomie circulaire et inclusion sociale, l\u2019association appelle \u00e0 la mobilisation\u00a0: don direct d\u2019appareils, d\u00e9p\u00f4t en bon \u00e9tat, ou enl\u00e8vement \u00e0 domicile (\u00e0 15\u00a0\u20ac jusqu\u2019\u00e0 fin septembre).<\/p>\n<p>  La citation de la semaine<\/p>\n<p>\u00ab\u00a0Un monde totalement incroyable, qu\u2019[il] n\u2019imaginai [t] absolument pas\u00a0\u00bb<\/p>\n<p>Marc se souvient de sa premi\u00e8re visite \u00e0 l\u2019Incognito, l\u2019un des bars gays embl\u00e9matiques des ann\u00e9es 1970-80 \u00e0 Strasbourg. Le lieu et le t\u00e9moignage figurent sur <a href=\"https:\/\/www.dna.fr\/culture-loisirs\/2025\/07\/21\/on-a-teste-le-parcours-sur-l-histoire-pedee-de-strasbourg\" target=\"_blank\" rel=\"noopener\">la carte interactive de l\u2019histoire \u00ab\u00a0p\u00e9d\u00e9e\u00a0\u00bb<\/a> de la ville, mise en ligne par le Front d\u2019action gay Strasbourg (FAGs). En croisant paroles, archives et g\u00e9ographie urbaine, ce jeune collectif donne \u00e0 voir une m\u00e9moire queer vivante, politique et locale \u2014 des Stolpersteine du Heyritz aux mobilisations d\u2019Act Up en passant par les anciens lieux de f\u00eate.<\/p>\n<p>    &#13;<br \/>\n    &#13;<br \/>\n    &#13;<br \/>\n    <a href=\"https:\/\/cdn-s-www.dna.fr\/images\/b97d3cd6-dc52-4ef2-9d48-f6bb7e66c9a4\/NW_raw\/la-facade-du-batiment-de-l-institut-national-du-service-public-(insp-ex-ena)-est-de-vegetalisee-en-attendant-la-pousse-de-plantes-plus-resilientes-photo-franck-kobi-1753526267.jpg\" title=\"La fa\u00e7ade du b\u00e2timent de l\u2019Institut National du Service Public (INSP, ex-ENA) est d\u00e9-v\u00e9g\u00e9talis\u00e9e en attendant la pousse de plantes plus r\u00e9silientes. \u00a0 Photo\u00a0Franck Kobi\" class=\"chocolat-image GA-tracking\" data-ga_type=\"click\" data-ga_category=\"D\u00e9tail\" data-ga_action=\"zoomer\" data-ga_label=\"aggrandir image\" target=\"_blank\" rel=\"noopener\">&#13;<br \/>\n        <img src=\"https:\/\/www.europesays.com\/fr\/wp-content\/uploads\/2025\/07\/la-facade-du-batiment-de-l-institut-national-du-service-public-(insp-ex-ena)-est-de-vegetalisee-en-a.jpeg\"   alt=\"La fa\u00e7ade du b\u00e2timent de l\u2019Institut National du Service Public (INSP, ex-ENA) est d\u00e9-v\u00e9g\u00e9talis\u00e9e en attendant la pousse de plantes plus r\u00e9silientes. \u00a0 Photo\u00a0Franck Kobi\" fetchpriority=\"high\" decoding=\"async\" data-mobile=\"NW_listA_M|1753526267\" data-base=\"NW_listA|1753526267\"\/>&#13;<br \/>\n    <\/a>&#13;<\/p>\n<p> La fa\u00e7ade du b\u00e2timent de l\u2019Institut National du Service Public (INSP, ex-ENA) est d\u00e9-v\u00e9g\u00e9talis\u00e9e en attendant la pousse de plantes plus r\u00e9silientes. \u00a0 Photo\u00a0Franck Kobi <\/p>\n<p>  L\u2019image de la semaine<\/p>\n<p>En vrai, l\u2019image de la semaine c\u2019est cette petite fille, dans la file plus haut. Sign\u00e9e Jean-Marc Loos, elle fait ce que font les meilleures photos de presse\u00a0: elle dit, elle montre ce qu\u2019on veut ni voir, ni entendre. Mais comme on ne veut pas finir ce d\u00e9brief sur quelque chose d\u2019aussi universellement triste qu\u2019une enfance ab\u00eem\u00e9e, regardons ailleurs. Symbole de l\u2019architecture \u00e9cologique \u00e0 Strasbourg depuis 2011, <a href=\"https:\/\/www.dna.fr\/environnement\/2025\/07\/22\/l-insp-(ex-ena)-troque-sa-facade-vegetale-contre-des-plantes-grimpantes\" target=\"_blank\" rel=\"noopener\">le mur v\u00e9g\u00e9talis\u00e9 de l\u2019ancienne ENA, aujourd\u2019hui INSP, a \u00e9t\u00e9 enti\u00e8rement d\u00e9mont\u00e9<\/a>. En cause\u00a0: la d\u00e9faillance du syst\u00e8me d\u2019irrigation et les s\u00e9cheresses \u00e0 r\u00e9p\u00e9tition. Il sera remplac\u00e9 par une v\u00e9g\u00e9talisation en pleine terre, moins spectaculaire mais plus r\u00e9siliente, avec vigne vierge et cl\u00e9matite. Un changement d\u2019approche salu\u00e9 par l\u2019architecte du projet d\u2019origine, Patrick Schweitzer, soucieux de pr\u00e9server une ambition verte en milieu urbain. Chutons l\u00e0-dessus\u00a0: r\u00e9silience et renouveau tir\u00e9s des erreurs pass\u00e9s.<\/p>\n","protected":false},"excerpt":{"rendered":"On aurait voulu faire autrement mais c\u2019\u00e9tait compliqu\u00e9. L\u2019actu cette semaine c\u2019est la d\u00e9prime totale. Une d\u00e9prime quasi&hellip;\n","protected":false},"author":2,"featured_media":275029,"comment_status":"","ping_status":"","sticky":false,"template":"","format":"standard","meta":{"footnotes":""},"categories":[2820],"tags":[1111,11,130,33,2880,1777,674,107,1011,27,775,1061,12,2922,25,104,640,2879,1631],"class_list":{"0":"post-275028","1":"post","2":"type-post","3":"status-publish","4":"format-standard","5":"has-post-thumbnail","7":"category-strasbourg","8":"tag-actu","9":"tag-actualites","10":"tag-consommation","11":"tag-economie","12":"tag-edition-strasbourg","13":"tag-eu","14":"tag-europe","15":"tag-fil-info","16":"tag-fr","17":"tag-france","18":"tag-grand-est","19":"tag-immigration","20":"tag-news","21":"tag-pouvoir-dachat","22":"tag-republique-francaise","23":"tag-societe","24":"tag-strasbourg","25":"tag-strasbourg-ville","26":"tag-vie-associative"},"share_on_mastodon":{"url":"https:\/\/pubeurope.com\/@fr\/114919181107245026","error":""},"_links":{"self":[{"href":"https:\/\/www.europesays.com\/fr\/wp-json\/wp\/v2\/posts\/275028","targetHints":{"allow":["GET"]}}],"collection":[{"href":"https:\/\/www.europesays.com\/fr\/wp-json\/wp\/v2\/posts"}],"about":[{"href":"https:\/\/www.europesays.com\/fr\/wp-json\/wp\/v2\/types\/post"}],"author":[{"embeddable":true,"href":"https:\/\/www.europesays.com\/fr\/wp-json\/wp\/v2\/users\/2"}],"replies":[{"embeddable":true,"href":"https:\/\/www.europesays.com\/fr\/wp-json\/wp\/v2\/comments?post=275028"}],"version-history":[{"count":0,"href":"https:\/\/www.europesays.com\/fr\/wp-json\/wp\/v2\/posts\/275028\/revisions"}],"wp:featuredmedia":[{"embeddable":true,"href":"https:\/\/www.europesays.com\/fr\/wp-json\/wp\/v2\/media\/275029"}],"wp:attachment":[{"href":"https:\/\/www.europesays.com\/fr\/wp-json\/wp\/v2\/media?parent=275028"}],"wp:term":[{"taxonomy":"category","embeddable":true,"href":"https:\/\/www.europesays.com\/fr\/wp-json\/wp\/v2\/categories?post=275028"},{"taxonomy":"post_tag","embeddable":true,"href":"https:\/\/www.europesays.com\/fr\/wp-json\/wp\/v2\/tags?post=275028"}],"curies":[{"name":"wp","href":"https:\/\/api.w.org\/{rel}","templated":true}]}}