{"id":275032,"date":"2025-07-26T10:59:09","date_gmt":"2025-07-26T10:59:09","guid":{"rendered":"https:\/\/www.europesays.com\/fr\/275032\/"},"modified":"2025-07-26T10:59:09","modified_gmt":"2025-07-26T10:59:09","slug":"et-hop-lavion-a-redecolle-quatre-tentatives-datterrissage-a-nice-avant-de-finir-2","status":"publish","type":"post","link":"https:\/\/www.europesays.com\/fr\/275032\/","title":{"rendered":"\u00ab\u00a0Et hop, l\u2019avion a red\u00e9coll\u00e9\u00a0\u00bb\u00a0: quatre tentatives d\u2019atterrissage \u00e0 Nice avant de finir"},"content":{"rendered":"<p>Un vol AF7306 d\u2019Air France a connu quelques difficult\u00e9s \u00e0 atterrir, jeudi 24\u00a0juillet 2025 dernier en fin d\u2019apr\u00e8s-midi, rapportent <a href=\"https:\/\/www.nicematin.com\/info-trafic\/apres-quatre-tentatives-d-atterrissage-a-l-aeroport-de-nice-un-airbus-a318-111-deroute-vers-marseille-995560\" target=\"_blank\" rel=\"nofollow noopener\"> Nice Matin <\/a> et <a href=\"https:\/\/france3-regions.franceinfo.fr\/provence-alpes-cote-d-azur\/bouches-du-rhone\/marseille\/on-a-touche-le-tarmac-et-hop-a-cause-du-vent-un-avion-tente-quatre-fois-d-atterrir-et-repart-160-kilometres-plus-loin-3193221.html\" target=\"_blank\" rel=\"nofollow noopener\"> France 3\u00a0Provence-Alpes-C\u00f4te-d\u2019Azur <\/a>. Le vent, un mistral qui peut atteindre les 80\u00a0km\/h, a compliqu\u00e9 les man\u0153uvres de cet Airbus parti de l\u2019a\u00e9roport de Roissy \u00e0 Paris et qui devait se poser \u00e0 Nice. <a href=\"https:\/\/www.flightradar24.com\/50.42,2.90\/6\" target=\"_blank\" rel=\"nofollow noopener\">Sur Flightradar24<\/a>, on constate que le pilote a fait quatre tentatives, sans succ\u00e8s. Il a finalement \u00e9t\u00e9 d\u00e9rout\u00e9 vers Marseille, \u00e0 160\u00a0kilom\u00e8tres de l\u00e0.<\/p>\n<p>\u00ab\u00a0Quelle aventure\u00a0\u00bb<\/p>\n<p><strong>\u00ab\u00a0J\u2019\u00e9tais dans ce vol\u00a0! Quelle aventure. \u00c0 la deuxi\u00e8me tentative on a m\u00eame touch\u00e9 le tarmac pour quelques secondes, les gens ont commenc\u00e9 \u00e0 applaudir et hop, l\u2019avion a red\u00e9coll\u00e9\u00a0\u00bb<\/strong>, t\u00e9moigne un passager, S\u00e9bastien, sur le r\u00e9seau social Facebook.<\/p>\n<p>Selon Nice Matin, deux sc\u00e9narios \u00e9taient envisag\u00e9s lors de pareille m\u00e9saventure\u00a0: soit l\u2019avion reprenait la direction de Nice si la m\u00e9t\u00e9o s\u2019am\u00e9liorait, soit des bus devaient acheminer les passagers jusqu\u2019\u00e0 leur vraie destination. C\u2019est cette derni\u00e8re option qui a \u00e9t\u00e9 choisie.<\/p>\n<p>\u00a0<\/p>\n","protected":false},"excerpt":{"rendered":"Un vol AF7306 d\u2019Air France a connu quelques difficult\u00e9s \u00e0 atterrir, jeudi 24\u00a0juillet 2025 dernier en fin d\u2019apr\u00e8s-midi,&hellip;\n","protected":false},"author":2,"featured_media":274912,"comment_status":"","ping_status":"","sticky":false,"template":"","format":"standard","meta":{"footnotes":""},"categories":[2819],"tags":[1111,11,41438,37,9657,1777,674,27064,1011,27,884,12,2401,882,41437,25,41110],"class_list":{"0":"post-275032","1":"post","2":"type-post","3":"status-publish","4":"format-standard","5":"has-post-thumbnail","7":"category-nice","8":"tag-actu","9":"tag-actualites","10":"tag-atterrissage","11":"tag-avion","12":"tag-draguignan","13":"tag-eu","14":"tag-europe","15":"tag-finir","16":"tag-fr","17":"tag-france","18":"tag-marseille","19":"tag-news","20":"tag-nice","21":"tag-provence-alpes-cote-dazur","22":"tag-redecolle","23":"tag-republique-francaise","24":"tag-tentatives"},"share_on_mastodon":{"url":"https:\/\/pubeurope.com\/@fr\/114919188942920157","error":""},"_links":{"self":[{"href":"https:\/\/www.europesays.com\/fr\/wp-json\/wp\/v2\/posts\/275032","targetHints":{"allow":["GET"]}}],"collection":[{"href":"https:\/\/www.europesays.com\/fr\/wp-json\/wp\/v2\/posts"}],"about":[{"href":"https:\/\/www.europesays.com\/fr\/wp-json\/wp\/v2\/types\/post"}],"author":[{"embeddable":true,"href":"https:\/\/www.europesays.com\/fr\/wp-json\/wp\/v2\/users\/2"}],"replies":[{"embeddable":true,"href":"https:\/\/www.europesays.com\/fr\/wp-json\/wp\/v2\/comments?post=275032"}],"version-history":[{"count":0,"href":"https:\/\/www.europesays.com\/fr\/wp-json\/wp\/v2\/posts\/275032\/revisions"}],"wp:featuredmedia":[{"embeddable":true,"href":"https:\/\/www.europesays.com\/fr\/wp-json\/wp\/v2\/media\/274912"}],"wp:attachment":[{"href":"https:\/\/www.europesays.com\/fr\/wp-json\/wp\/v2\/media?parent=275032"}],"wp:term":[{"taxonomy":"category","embeddable":true,"href":"https:\/\/www.europesays.com\/fr\/wp-json\/wp\/v2\/categories?post=275032"},{"taxonomy":"post_tag","embeddable":true,"href":"https:\/\/www.europesays.com\/fr\/wp-json\/wp\/v2\/tags?post=275032"}],"curies":[{"name":"wp","href":"https:\/\/api.w.org\/{rel}","templated":true}]}}