{"id":275034,"date":"2025-07-26T11:01:21","date_gmt":"2025-07-26T11:01:21","guid":{"rendered":"https:\/\/www.europesays.com\/fr\/275034\/"},"modified":"2025-07-26T11:01:21","modified_gmt":"2025-07-26T11:01:21","slug":"orvault-derniere-soiree-au-petit-bar-avant-la-pause","status":"publish","type":"post","link":"https:\/\/www.europesays.com\/fr\/275034\/","title":{"rendered":"Orvault. Derni\u00e8re soir\u00e9e au Petit Bar avant la pause"},"content":{"rendered":"<p>Ouvert depuis vendredi 16\u00a0mai, le Petit Bar a rassembl\u00e9 beaucoup de monde, du jeudi au dimanche. \u00a0On a eu pas mal de passage, surtout les soirs o\u00f9 il faisait beau. L\u2019ambiance reste fid\u00e8le \u00e0 l\u2019esprit du lieu\u00a0: conviviale, interg\u00e9n\u00e9rationnelle,commente Chris Demarle, l\u2019un des fondateurs du Petit Bar. Chaque vendredi nous proposions un snack fait maison\u00a0: wrap saumon et poulet, gaufres sucr\u00e9s et sal\u00e9s.\u00a0<\/p>\n<p>L\u2019\u00e9tabissement sera ferm\u00e9 \u00e0 partir de dimanche. La r\u00e9ouverture est pr\u00e9vue samedi 16\u00a0ao\u00fbt. La suite du programme est en pr\u00e9paration avec plusieurs \u00e9v\u00e9nements, dont le vide ta chambre, dimanche 14\u00a0septembre. Un atelier de r\u00e9paration d\u2019objet, une animation sur le langage des signes avec un couple de sourds-muets.<\/p>\n<p><strong>Contact\u00a0:<\/strong> bit.ly\/petit-programme et bit.ly\/activites-petit-bar-2025 pour s\u2019inscrire.<\/p>\n<p>\u00a0<\/p>\n","protected":false},"excerpt":{"rendered":"Ouvert depuis vendredi 16\u00a0mai, le Petit Bar a rassembl\u00e9 beaucoup de monde, du jeudi au dimanche. \u00a0On a&hellip;\n","protected":false},"author":2,"featured_media":275035,"comment_status":"","ping_status":"","sticky":false,"template":"","format":"standard","meta":{"footnotes":""},"categories":[2818],"tags":[1111,11,9732,9424,1777,674,1011,27,766,12,4151,11965,2636,15864,25,3272,953],"class_list":{"0":"post-275034","1":"post","2":"type-post","3":"status-publish","4":"format-standard","5":"has-post-thumbnail","7":"category-nantes","8":"tag-actu","9":"tag-actualites","10":"tag-bar","11":"tag-derniere","12":"tag-eu","13":"tag-europe","14":"tag-fr","15":"tag-france","16":"tag-nantes","17":"tag-news","18":"tag-orvault","19":"tag-pause","20":"tag-pays-de-la-loire","21":"tag-petit","22":"tag-republique-francaise","23":"tag-saint-nazaire","24":"tag-soiree"},"share_on_mastodon":{"url":"https:\/\/pubeurope.com\/@fr\/114919196877798261","error":""},"_links":{"self":[{"href":"https:\/\/www.europesays.com\/fr\/wp-json\/wp\/v2\/posts\/275034","targetHints":{"allow":["GET"]}}],"collection":[{"href":"https:\/\/www.europesays.com\/fr\/wp-json\/wp\/v2\/posts"}],"about":[{"href":"https:\/\/www.europesays.com\/fr\/wp-json\/wp\/v2\/types\/post"}],"author":[{"embeddable":true,"href":"https:\/\/www.europesays.com\/fr\/wp-json\/wp\/v2\/users\/2"}],"replies":[{"embeddable":true,"href":"https:\/\/www.europesays.com\/fr\/wp-json\/wp\/v2\/comments?post=275034"}],"version-history":[{"count":0,"href":"https:\/\/www.europesays.com\/fr\/wp-json\/wp\/v2\/posts\/275034\/revisions"}],"wp:featuredmedia":[{"embeddable":true,"href":"https:\/\/www.europesays.com\/fr\/wp-json\/wp\/v2\/media\/275035"}],"wp:attachment":[{"href":"https:\/\/www.europesays.com\/fr\/wp-json\/wp\/v2\/media?parent=275034"}],"wp:term":[{"taxonomy":"category","embeddable":true,"href":"https:\/\/www.europesays.com\/fr\/wp-json\/wp\/v2\/categories?post=275034"},{"taxonomy":"post_tag","embeddable":true,"href":"https:\/\/www.europesays.com\/fr\/wp-json\/wp\/v2\/tags?post=275034"}],"curies":[{"name":"wp","href":"https:\/\/api.w.org\/{rel}","templated":true}]}}