{"id":275040,"date":"2025-07-26T11:04:12","date_gmt":"2025-07-26T11:04:12","guid":{"rendered":"https:\/\/www.europesays.com\/fr\/275040\/"},"modified":"2025-07-26T11:04:12","modified_gmt":"2025-07-26T11:04:12","slug":"girondins-une-opposition-entre-joueurs-bordelais-ce-samedi","status":"publish","type":"post","link":"https:\/\/www.europesays.com\/fr\/275040\/","title":{"rendered":"Girondins : une opposition entre joueurs bordelais ce samedi"},"content":{"rendered":"<p><img decoding=\"async\" src=\"https:\/\/www.europesays.com\/fr\/wp-content\/uploads\/2025\/07\/671_af6362edd60ec522c2042f3b78b764f5.jpg\" alt=\"Girondins : une opposition entre joueurs bordelais ce samedi\" class=\"img-responsive mt-3\"\/><\/p>\n<p class=\"text-center mb-3\" style=\"font-size: 14px\">\u00a9 Iconsport<\/p>\n<p>      <strong>Pas d&rsquo;adversaire<\/strong><\/p>\n<p style=\"text-align: justify;\">\u00a0<\/p>\n<p style=\"text-align: justify;\">Ce samedi, Bordeaux n&rsquo;a pas organis\u00e9 d&rsquo;opposition face \u00e0 un autre club, un adversaire lui permettant de valider une semaine de pr\u00e9paration et de travailler tactiquement \u00e0 11 contre 11.<\/p>\n<p style=\"text-align: justify;\">De plus, avec 21 joueurs (dont 3 en r\u00e9athl\u00e9tisation et deux gardiens de but), Bruno Irl\u00e8s ne peut m\u00eame pas constituer une opposition \u00e0 11 contre 11 ce samedi matin \u00e0 moins qu&rsquo;il b\u00e9n\u00e9ficie de renforts.<\/p>\n<p style=\"text-align: justify;\">Ainsi, le staff bordelais aurait quand m\u00eame d\u00e9cid\u00e9 de faire de maintenir l&rsquo;opposition ce samedi matin \u00e0 Capbreton et de l&rsquo;organiser entre joueurs bordelais.<\/p>\n<p style=\"text-align: justify;\">Voici le groupe de 21 joueurs pr\u00e9sents en stage : Hoekstra, Agossa, Trichard, Jousselin, Dorenhl\u00e9, Vendenabeele, Grillot, Ciss\u00e9, Odru, Diop, Sahibbedine, Feuillet, Ramon, Villette, Etond\u00e9, Openda, Rizaldos, Shamal, Bahassa (kin\u00e9), Manna\u00ef (kin\u00e9), et Ba (kin\u00e9).<\/p>\n<p>&gt;&gt; <strong><a href=\"https:\/\/www.webgirondins.com\/actualite-girondins-n2-outsiders-favoris-promus-decouvrez-les-forces-du-groupe-a-face-aux-girondins-129821\" target=\"_blank\" rel=\"noopener\">D\u00e9couvrez ici notre s\u00e9rie de podcasts courts sur les effectifs des clubs de National 2 du groupe A.<\/a><\/strong><\/p>\n<p>Notre podcast court \u00e0 \u00e9couter :<\/p>\n","protected":false},"excerpt":{"rendered":"\u00a9 Iconsport Pas d&rsquo;adversaire \u00a0 Ce samedi, Bordeaux n&rsquo;a pas organis\u00e9 d&rsquo;opposition face \u00e0 un autre club, un&hellip;\n","protected":false},"author":2,"featured_media":275041,"comment_status":"","ping_status":"","sticky":false,"template":"","format":"standard","meta":{"footnotes":""},"categories":[2817],"tags":[1111,11,4612,29176,1997,6950,41211,41441,2834,1777,674,1011,27,1987,4059,955,4659,12,2219,419,471,9622,16884,25,3982],"class_list":{"0":"post-275040","1":"post","2":"type-post","3":"status-publish","4":"format-standard","5":"has-post-thumbnail","7":"category-bordeaux","8":"tag-actu","9":"tag-actualites","10":"tag-adversaire","11":"tag-ainsi","12":"tag-bordeaux","13":"tag-bordelais","14":"tag-capbreton","15":"tag-effectue","16":"tag-entre","17":"tag-eu","18":"tag-europe","19":"tag-fr","20":"tag-france","21":"tag-girondins","22":"tag-joueurs","23":"tag-match","24":"tag-matin","25":"tag-news","26":"tag-nouvelle-aquitaine","27":"tag-opposition","28":"tag-pour","29":"tag-prevu","30":"tag-prevue","31":"tag-republique-francaise","32":"tag-samedi"},"share_on_mastodon":{"url":"https:\/\/pubeurope.com\/@fr\/114919208628777639","error":""},"_links":{"self":[{"href":"https:\/\/www.europesays.com\/fr\/wp-json\/wp\/v2\/posts\/275040","targetHints":{"allow":["GET"]}}],"collection":[{"href":"https:\/\/www.europesays.com\/fr\/wp-json\/wp\/v2\/posts"}],"about":[{"href":"https:\/\/www.europesays.com\/fr\/wp-json\/wp\/v2\/types\/post"}],"author":[{"embeddable":true,"href":"https:\/\/www.europesays.com\/fr\/wp-json\/wp\/v2\/users\/2"}],"replies":[{"embeddable":true,"href":"https:\/\/www.europesays.com\/fr\/wp-json\/wp\/v2\/comments?post=275040"}],"version-history":[{"count":0,"href":"https:\/\/www.europesays.com\/fr\/wp-json\/wp\/v2\/posts\/275040\/revisions"}],"wp:featuredmedia":[{"embeddable":true,"href":"https:\/\/www.europesays.com\/fr\/wp-json\/wp\/v2\/media\/275041"}],"wp:attachment":[{"href":"https:\/\/www.europesays.com\/fr\/wp-json\/wp\/v2\/media?parent=275040"}],"wp:term":[{"taxonomy":"category","embeddable":true,"href":"https:\/\/www.europesays.com\/fr\/wp-json\/wp\/v2\/categories?post=275040"},{"taxonomy":"post_tag","embeddable":true,"href":"https:\/\/www.europesays.com\/fr\/wp-json\/wp\/v2\/tags?post=275040"}],"curies":[{"name":"wp","href":"https:\/\/api.w.org\/{rel}","templated":true}]}}