{"id":275048,"date":"2025-07-26T11:09:15","date_gmt":"2025-07-26T11:09:15","guid":{"rendered":"https:\/\/www.europesays.com\/fr\/275048\/"},"modified":"2025-07-26T11:09:15","modified_gmt":"2025-07-26T11:09:15","slug":"une-mesure-forte-le-prefet-des-bouches-du-rhone-veut-expulser-des-delinquants-de-leurs-logements-sociaux","status":"publish","type":"post","link":"https:\/\/www.europesays.com\/fr\/275048\/","title":{"rendered":"\u00ab\u00a0Une mesure forte\u00a0\u00bb\u00a0: le pr\u00e9fet des Bouches-du-Rh\u00f4ne veut expulser des d\u00e9linquants de leurs logements sociaux"},"content":{"rendered":"<p class=\"paragraph text_align_left lp-f-body-02\">C\u2019est une mesure rare, rendue possible par la r\u00e9cente <a href=\"https:\/\/www.leparisien.fr\/faits-divers\/loi-narcotrafic-le-conseil-constitutionnel-censure-quelques-articles-mais-valide-le-regime-carceral-disolement-12-06-2025-QWROXKGJBBAHDPHZTGQ5WTIUNY.php\" target=\"_self\" rel=\"noopener\">loi contre le narcotrafic<\/a> adopt\u00e9e en juin dernier. Le pr\u00e9fet des Bouches-du-Rh\u00f4ne, Georges-Fran\u00e7ois Leclerc, a annonc\u00e9 ce vendredi avoir enclench\u00e9 dix proc\u00e9dures d\u2019expulsion visant des locataires de logements sociaux impliqu\u00e9s dans des affaires de d\u00e9linquance.<\/p>\n<p class=\"paragraph text_align_left lp-f-body-02\">Dans un communiqu\u00e9, le repr\u00e9sentant de l\u2019\u00c9tat pr\u00e9cise que les personnes cibl\u00e9es vivent \u00e0 Marseille et dans des communes situ\u00e9es autour de l\u2019\u00e9tang de Berre. Elles sont accus\u00e9es d\u2019avoir \u00ab gravement troubl\u00e9 l\u2019ordre public \u00bb dans leur quartier, notamment par des faits de trafic de drogue, de menaces ou de violences \u00e0 l\u2019encontre des forces de l\u2019ordre, ou encore de rod\u00e9os urbains \u00e0 r\u00e9p\u00e9tition. \u00ab L\u2019immense majorit\u00e9 a \u00e9t\u00e9 condamn\u00e9e, voire incarc\u00e9r\u00e9e \u00bb, indique la pr\u00e9fecture.<\/p>\n<blockquote class=\"twitter-tweet\">\n<p lang=\"fr\" dir=\"ltr\">\ud83d\udcc4 10 proc\u00e9dures engag\u00e9es d\u00e8s aujourd\u2019hui par le pr\u00e9fet des Bouches-du-Rh\u00f4ne aupr\u00e8s de plusieurs bailleurs sociaux du d\u00e9partement afin d\u2019obtenir l\u2019expulsion de locataires d\u00e9linquants.<\/p>\n<p>\u2696\ufe0f Depuis la loi du 13 juin 2025, les pr\u00e9fets disposent d\u2019un pouvoir d\u2019injonction \u00e0 l\u2019\u00e9gard des\u2026 <a href=\"https:\/\/t.co\/vGIVEgxOLc\">pic.twitter.com\/vGIVEgxOLc<\/a><\/p>\n<p>\u2014 Pr\u00e9fet de police des Bouches-du-Rh\u00f4ne (@prefpolice13) <a href=\"https:\/\/twitter.com\/prefpolice13\/status\/1948763888750666103?ref_src=twsrc%5Etfw\" target=\"_blank\" rel=\"noopener\">July 25, 2025<\/a><\/p><\/blockquote>\n<p class=\"paragraph text_align_left lp-f-body-02\">Les proc\u00e9dures sont engag\u00e9es aupr\u00e8s de plusieurs bailleurs sociaux du d\u00e9partement. Elles s\u2019appuient sur la loi du 13 juin 2025, qui autorise d\u00e9sormais l\u2019expulsion de locataires dont les comportements \u00ab d\u00e9gradent les conditions de vie des <a href=\"https:\/\/www.leparisien.fr\/faits-divers\/occuper-lespace-chaque-jour-a-vaulx-en-velin-un-plan-de-lutte-anti-narcotrafic-qui-implique-les-habitants-02-07-2025-QKRSVI4K6BDLHBODSNY4K7NROU.php\" target=\"_self\" rel=\"noopener\">autres habitants<\/a> \u00bb.<\/p>\n<p class=\"paragraph text_align_left lp-f-body-02\">Cette initiative s\u2019inscrit dans une volont\u00e9 affich\u00e9e du gouvernement de lutter plus s\u00e9v\u00e8rement contre les trafics de drogue et leurs effets dans les quartiers populaires. \u00ab Il s\u2019agit d\u2019une mesure forte, en r\u00e9ponse \u00e0 des actes qui empoisonnent la vie des habitants respectueux des r\u00e8gles \u00bb, insiste Georges-Fran\u00e7ois Leclerc.<\/p>\n<p class=\"paragraph text_align_left lp-f-body-02\">Les expulsions, si elles sont valid\u00e9es par les juges, pourraient intervenir dans les prochains mois. Elles sont toutefois susceptibles de recours, notamment devant les juridictions administratives.<\/p>\n<p><script async src=\"https:\/\/platform.twitter.com\/widgets.js\" charset=\"utf-8\"><\/script><\/p>\n","protected":false},"excerpt":{"rendered":"C\u2019est une mesure rare, rendue possible par la r\u00e9cente loi contre le narcotrafic adopt\u00e9e en juin dernier. Le&hellip;\n","protected":false},"author":2,"featured_media":275049,"comment_status":"","ping_status":"","sticky":false,"template":"","format":"standard","meta":{"footnotes":""},"categories":[2814],"tags":[1111,11,11004,459,1777,674,1011,27,884,12,882,25],"class_list":{"0":"post-275048","1":"post","2":"type-post","3":"status-publish","4":"format-standard","5":"has-post-thumbnail","7":"category-marseille","8":"tag-actu","9":"tag-actualites","10":"tag-bouches-du-rhone-13","11":"tag-departements-horsidfo","12":"tag-eu","13":"tag-europe","14":"tag-fr","15":"tag-france","16":"tag-marseille","17":"tag-news","18":"tag-provence-alpes-cote-dazur","19":"tag-republique-francaise"},"share_on_mastodon":{"url":"https:\/\/pubeurope.com\/@fr\/114919228349509861","error":""},"_links":{"self":[{"href":"https:\/\/www.europesays.com\/fr\/wp-json\/wp\/v2\/posts\/275048","targetHints":{"allow":["GET"]}}],"collection":[{"href":"https:\/\/www.europesays.com\/fr\/wp-json\/wp\/v2\/posts"}],"about":[{"href":"https:\/\/www.europesays.com\/fr\/wp-json\/wp\/v2\/types\/post"}],"author":[{"embeddable":true,"href":"https:\/\/www.europesays.com\/fr\/wp-json\/wp\/v2\/users\/2"}],"replies":[{"embeddable":true,"href":"https:\/\/www.europesays.com\/fr\/wp-json\/wp\/v2\/comments?post=275048"}],"version-history":[{"count":0,"href":"https:\/\/www.europesays.com\/fr\/wp-json\/wp\/v2\/posts\/275048\/revisions"}],"wp:featuredmedia":[{"embeddable":true,"href":"https:\/\/www.europesays.com\/fr\/wp-json\/wp\/v2\/media\/275049"}],"wp:attachment":[{"href":"https:\/\/www.europesays.com\/fr\/wp-json\/wp\/v2\/media?parent=275048"}],"wp:term":[{"taxonomy":"category","embeddable":true,"href":"https:\/\/www.europesays.com\/fr\/wp-json\/wp\/v2\/categories?post=275048"},{"taxonomy":"post_tag","embeddable":true,"href":"https:\/\/www.europesays.com\/fr\/wp-json\/wp\/v2\/tags?post=275048"}],"curies":[{"name":"wp","href":"https:\/\/api.w.org\/{rel}","templated":true}]}}