{"id":275052,"date":"2025-07-26T11:11:10","date_gmt":"2025-07-26T11:11:10","guid":{"rendered":"https:\/\/www.europesays.com\/fr\/275052\/"},"modified":"2025-07-26T11:11:10","modified_gmt":"2025-07-26T11:11:10","slug":"je-ne-pense-pas-que-cest-un-sujet-qui-fera-reagir-longtemps-selon-fabien-bagnon","status":"publish","type":"post","link":"https:\/\/www.europesays.com\/fr\/275052\/","title":{"rendered":"\u00ab\u00a0Je ne pense pas que c\u2019est un sujet qui fera r\u00e9agir longtemps\u00a0\u00bb selon Fabien Bagnon"},"content":{"rendered":"<p itemprop=\"description\"><strong>Ce jeudi, la rue de la R\u00e9publique s&rsquo;est par\u00e9e de nouveaux mobiliers urbains dans le cadre de sa pi\u00e9tonnisation totale.<\/strong><\/p>\n<p>Des bancs blancs, tr\u00e8s bas et sinueux, qui ont fait r\u00e9agir sur les r\u00e9seaux sociaux. Et plut\u00f4t n\u00e9gativement. Compar\u00e9s \u00e0 des boudins blancs voire \u00e0 des crottes de chien, ils sont aussi critiqu\u00e9s pour leur hauteur tr\u00e8s proche du sol et donc peu destin\u00e9s aux personnes \u00e2g\u00e9es.<\/p>\n<p>Des critiques qui agacent les \u00e9lus \u00e9cologistes. A commencer par <a href=\"https:\/\/www.lyonmag.com\/profil-personnalite-lyonnaise\/475\/fabien-bagnon\" target=\"_blank\" rel=\"noopener\">Fabien Bagnon<\/a>, vice-pr\u00e9sident de la M\u00e9tropole de Lyon charg\u00e9 de la Voirie, qui avait tri\u00e9 sur le volet quelques m\u00e9dias locaux pour faire la promotion de cet am\u00e9nagement.<\/p>\n<p>\u00ab\u00a0Je trouve ces bancs plut\u00f4t esth\u00e9tiques\u00a0\u00bb, s&rsquo;est-il f\u00e9licit\u00e9 comme le relaye Tribune de Lyon, estimant que les critiques dispara\u00eetront avec l&rsquo;habitude : \u00ab\u00a0Il y a un temps d\u2019acclimatation \u00e0 ces nouveaux am\u00e9nagements. Je pense que c\u2019est une phase n\u00e9cessaire\u00a0\u00bb.<\/p>\n<p>\u00ab\u00a0Je ne pense pas que c\u2019est un sujet qui fera r\u00e9agir longtemps\u00a0\u00bb, a poursuivi Fabien Bagnon.<\/p>\n<p>Pour l&rsquo;\u00e9lu \u00e9cologiste, les bancs seront bient\u00f4t pris d&rsquo;assaut, \u00e0 l&rsquo;instar de Tissage Urbain place Bellecour. \u00ab\u00a0L\u2019id\u00e9e est d\u2019am\u00e9liorer le cadre de vie des habitants et la s\u00e9curit\u00e9 des pi\u00e9tons\u00a0\u00bb, conclut-il, refusant de donner le prix d\u00e9pens\u00e9 pour ces bancs appel\u00e9s \u00e0 \u00eatre enlev\u00e9s temporairement en septembre lors du d\u00e9fil\u00e9 de la Biennale de la Danse.<\/p>\n<blockquote class=\"twitter-tweet\"><p>&#13;<\/p>\n<p dir=\"ltr\" lang=\"fr\">\ud83d\udd34 Critiquer, critiquer, critiquer, matin, midi et soir&#8230;<br \/>Et ne jamais rien proposer.<\/p>\n<p>\u27a1\ufe0f Install\u00e9s ce lundi, ils commencent d\u00e9j\u00e0 \u00e0 \u00eatre utilis\u00e9s comme j&rsquo;ai pu le constater ce matin.<\/p>\n<p>\u27a1\ufe0f Ils r\u00e9pondent au souhait des lyonnais d&rsquo;avoir plus d&rsquo;assises sur la rue de la R\u00e9publique. <a href=\"https:\/\/t.co\/5BkrnTGeJ0\">https:\/\/t.co\/5BkrnTGeJ0<\/a><\/p>\n<p>&#13;<br \/>\n\u2014 Fabien Bagnon \ud83c\udf3f\ud83d\udea8 (@Fabien_Bagnon) <a href=\"https:\/\/twitter.com\/Fabien_Bagnon\/status\/1948737514031706218?ref_src=twsrc%5Etfw\" target=\"_blank\" rel=\"noopener\">July 25, 2025<\/a><\/p><\/blockquote>\n<p>\t\t  <script async src=\"https:\/\/platform.twitter.com\/widgets.js\" charset=\"utf-8\"><\/script><\/p>\n","protected":false},"excerpt":{"rendered":"Ce jeudi, la rue de la R\u00e9publique s&rsquo;est par\u00e9e de nouveaux mobiliers urbains dans le cadre de sa&hellip;\n","protected":false},"author":2,"featured_media":275053,"comment_status":"","ping_status":"","sticky":false,"template":"","format":"standard","meta":{"footnotes":""},"categories":[1889],"tags":[1111,11,2813,2190,2430,1109,251,1112,2811,1777,674,118,1011,27,1922,1110,1114,2428,2810,12,241,316,25,2812,517,800],"class_list":{"0":"post-275052","1":"post","2":"type-post","3":"status-publish","4":"format-standard","5":"has-post-thumbnail","7":"category-lyon","8":"tag-actu","9":"tag-actualites","10":"tag-article","11":"tag-asvel","12":"tag-auvergne-rhone-alpes","13":"tag-breves","14":"tag-culture","15":"tag-depeches","16":"tag-economique","17":"tag-eu","18":"tag-europe","19":"tag-faits-divers","20":"tag-fr","21":"tag-france","22":"tag-info","23":"tag-informations","24":"tag-infos","25":"tag-lyon","26":"tag-lyonmag","27":"tag-news","28":"tag-ol","29":"tag-politique","30":"tag-republique-francaise","31":"tag-sociale","32":"tag-sport","33":"tag-transports"},"share_on_mastodon":{"url":"https:\/\/pubeurope.com\/@fr\/114919236162187451","error":""},"_links":{"self":[{"href":"https:\/\/www.europesays.com\/fr\/wp-json\/wp\/v2\/posts\/275052","targetHints":{"allow":["GET"]}}],"collection":[{"href":"https:\/\/www.europesays.com\/fr\/wp-json\/wp\/v2\/posts"}],"about":[{"href":"https:\/\/www.europesays.com\/fr\/wp-json\/wp\/v2\/types\/post"}],"author":[{"embeddable":true,"href":"https:\/\/www.europesays.com\/fr\/wp-json\/wp\/v2\/users\/2"}],"replies":[{"embeddable":true,"href":"https:\/\/www.europesays.com\/fr\/wp-json\/wp\/v2\/comments?post=275052"}],"version-history":[{"count":0,"href":"https:\/\/www.europesays.com\/fr\/wp-json\/wp\/v2\/posts\/275052\/revisions"}],"wp:featuredmedia":[{"embeddable":true,"href":"https:\/\/www.europesays.com\/fr\/wp-json\/wp\/v2\/media\/275053"}],"wp:attachment":[{"href":"https:\/\/www.europesays.com\/fr\/wp-json\/wp\/v2\/media?parent=275052"}],"wp:term":[{"taxonomy":"category","embeddable":true,"href":"https:\/\/www.europesays.com\/fr\/wp-json\/wp\/v2\/categories?post=275052"},{"taxonomy":"post_tag","embeddable":true,"href":"https:\/\/www.europesays.com\/fr\/wp-json\/wp\/v2\/tags?post=275052"}],"curies":[{"name":"wp","href":"https:\/\/api.w.org\/{rel}","templated":true}]}}