{"id":275055,"date":"2025-07-26T11:15:19","date_gmt":"2025-07-26T11:15:19","guid":{"rendered":"https:\/\/www.europesays.com\/fr\/275055\/"},"modified":"2025-07-26T11:15:19","modified_gmt":"2025-07-26T11:15:19","slug":"heures-circulation-caravane-ce-quil-faut-savoir-sur-le-passage-du-tour-de-france-dans-les-hauts-de-seine","status":"publish","type":"post","link":"https:\/\/www.europesays.com\/fr\/275055\/","title":{"rendered":"Heures, circulation, caravane&#8230; Ce qu&rsquo;il faut savoir sur le passage du Tour de France dans les Hauts-de-Seine"},"content":{"rendered":"<p>            Par<br \/>\n        <strong><br \/>\n            <a href=\"https:\/\/actu.fr\/auteur\/antoine-grotteria02\" title=\"Consulter tous les articles de Antoine Grotteria\" rel=\"nofollow noopener\" target=\"_blank\">Antoine Grotteria<\/a><br \/>\n        <\/strong><\/p>\n<p>        Publi\u00e9 le<\/p>\n<p>            26 juil. 2025 \u00e0 6h24        <\/p>\n<p>Le <a href=\"https:\/\/actu.fr\/tour-de-france\/\" rel=\"nofollow noopener\" target=\"_blank\">Tour de France<\/a> a l\u2019habitude de passer par les <a href=\"https:\/\/actu.fr\/ile-de-france\/hauts-de-seine_92\" rel=\"nofollow noopener\" target=\"_blank\">Hauts-de-Seine<\/a>. Ce dimanche 27\u00a0juillet 2025 ne d\u00e9rogera pas \u00e0 cette <strong>coutume<\/strong>. Apr\u00e8s un d\u00e9part de Mantes-la-Jolie (Yvelines), le peloton rejoindra rapidement le d\u00e9partement de la petite couronne. De <strong>Chaville<\/strong> \u00e0 <strong>S\u00e8vres<\/strong>, en passant par <strong>Meudon<\/strong>, les coureurs traverseront <strong>plusieurs villes<\/strong>, avant de s\u2019infiltrer \u00e0 Paris pour un <a href=\"https:\/\/actu.fr\/ile-de-france\/paris_75056\/montmartre-champs-elysees-le-tour-de-france-devoile-le-parcours-inedit-de-son-ultime-etape-a-paris_62666043.html\" rel=\"nofollow noopener\" target=\"_blank\">final in\u00e9dit<\/a>. <a href=\"https:\/\/actu.fr\/paris\/\" rel=\"nofollow noopener\" target=\"_blank\">Actu Paris <\/a>dresse la liste des choses \u00e0 savoir.<\/p>\n<p>La circulation et le stationnement interdits durant plusieurs heures<\/p>\n<p class=\" wall-content\">Ce dimanche 27\u00a0juillet, les coureurs emprunteront le <strong>m\u00eame parcours<\/strong> que <a href=\"https:\/\/actu.fr\/ile-de-france\/paris_75056\/video-jo-2024-les-images-impressionnantes-des-fans-de-cyclisme-en-haut-de-la-butte-montmartre_61442830.html\" rel=\"nofollow noopener\" target=\"_blank\">celui des Jeux olympiques<\/a>. Au milieu de celui-ci, la fameuse <strong>c\u00f4te des Gardes<\/strong>, longue de pr\u00e8s d\u2019un kilom\u00e8tre avec un pourcentage moyen de pr\u00e8s de 10\u2009%. Cette mont\u00e9e, \u00e0 cheval entre Meudon, Chaville et S\u00e8vres, devrait attirer de nombreux spectateurs. Elle sera \u00e9galement interdite \u00e0 la circulation.<\/p>\n<p class=\" wall-content\">Ainsi, comme le pr\u00e9cise la Ville de Meudon sur le r\u00e9seau social Facebook, la circulation sera proscrite entre <strong>14h30 et 19\u00a0heures<\/strong> route des Gardes et rue de Vaugirard. Le stationnement sera \u00e9galement interdit sur la chauss\u00e9e privatis\u00e9e par l\u2019organisation d\u00e8s le samedi 26\u00a0juillet. \u00ab\u2009Les v\u00e9hicules encore stationn\u00e9s [\u2026] en fin de journ\u00e9e seront <strong>mis \u00e0 la fourri\u00e8re<\/strong>\u2009\u00bb, pr\u00e9cise la collectivit\u00e9.<\/p>\n<p>    <a href=\"https:\/\/www.facebook.com\/plugins\/post.php?href=https%3A%2F%2Fwww.facebook.com%2Fvilledemeudon%2Fposts%2Fpfbid02MFQVZHsWx8dyxuwWxw1hAqSEiJQyAymV3aoiWAtRELGMmgCR4UZBcsnSY9UfqEcl&amp;show_text=true&amp;width=350\" title=\"Ouvrie le lien\" rel=\"nofollow noopener\" target=\"_blank\">Cliquez ici pour visualiser le contenu<\/a><\/p>\n<p class=\" wall-content\">\u00c0 Issy-les-Moulineaux, les voitures n\u2019auront pas acc\u00e8s \u00e0 la place de la R\u00e9sistance ni aux quais d\u2019Issy, par lesquels les sportifs acc\u00e8deront \u00e0 la capitale. L\u2019interdiction s\u2019\u00e9tirera sur <strong>quelques heures<\/strong>.<\/p>\n<p class=\" wall-content\"><strong>O\u00f9 et quand voir les champions\u2009?<\/strong><\/p>\n<p class=\" wall-content\">Direction Chaville pour assister \u00e0 la procession de la \u00ab\u2009Grande Boucle\u2009\u00bb d\u00e8s <strong>17h30<\/strong>. Les coureurs emprunteront la route des Gardes, puis iront vers S\u00e8vres, avant de rejoindre Meudon et Issy-les-Moulineaux. Le passage des cyclistes devrait durer une demi-heure.<\/p>\n<p>    <a href=\"https:\/\/email.publihebdos.com\/form?lid=Mqc7o19yVDtMEo2FE8aUtw2\" title=\"Ouvrie le lien\" rel=\"nofollow noopener\" target=\"_blank\">Cliquez ici pour visualiser le contenu<\/a><\/p>\n<p class=\" wall-content\">L\u2019\u00e9v\u00e9nement sera \u00e9galement marqu\u00e9 par la traditionnelle <strong>caravane publicitaire<\/strong>. Au total, quelque <strong>200 v\u00e9hicules <\/strong>repr\u00e9sentant les sponsors du Tour de France d\u00e9fileront deux heures avant le peloton, soit \u00e0 15h30.<\/p>\n<p class=\" wall-content\">Suivez toute l\u2019actualit\u00e9 de vos villes et m\u00e9dias favoris en vous inscrivant \u00e0 <a href=\"https:\/\/moncompte.actu.fr\" title=\"D\u00e9couvez Mon Actu\" rel=\"nofollow noopener\" data-trk=\"{&quot;cta&quot;:{&quot;action&quot;:&quot;https:\\\/\\\/moncompte.actu.fr&quot;,&quot;category&quot;:&quot;mon compte&quot;,&quot;from&quot;:&quot;article footer&quot;,&quot;name&quot;:&quot;Mon actu&quot;,&quot;type&quot;:&quot;cta&quot;}}\" target=\"_blank\">Mon Actu<\/a>.<\/p>\n<ul class=\"ac-article-tag wall-content\">\n<li><a href=\"https:\/\/actu.fr\/tag\/circulation\" data-trk=\"{&quot;cta&quot;:{&quot;action&quot;:&quot;Circulation&quot;,&quot;category&quot;:&quot;tag&quot;,&quot;from&quot;:&quot;article footer&quot;,&quot;name&quot;:&quot;Circulation&quot;,&quot;type&quot;:&quot;cta&quot;}}\" rel=\"nofollow noopener\" target=\"_blank\">#Circulation<\/a><\/li>\n<li><a href=\"https:\/\/actu.fr\/tag\/tour-de-france\" data-trk=\"{&quot;cta&quot;:{&quot;action&quot;:&quot;Tour de France&quot;,&quot;category&quot;:&quot;tag&quot;,&quot;from&quot;:&quot;article footer&quot;,&quot;name&quot;:&quot;Tour de France&quot;,&quot;type&quot;:&quot;cta&quot;}}\" rel=\"nofollow noopener\" target=\"_blank\">#Tour de France<\/a><\/li>\n<\/ul>\n","protected":false},"excerpt":{"rendered":"Par Antoine Grotteria Publi\u00e9 le 26 juil. 2025 \u00e0 6h24 Le Tour de France a l\u2019habitude de passer&hellip;\n","protected":false},"author":2,"featured_media":275056,"comment_status":"","ping_status":"","sticky":false,"template":"","format":"standard","meta":{"footnotes":""},"categories":[1888],"tags":[1111,1928,11,1927,3542,1777,674,1011,27,12,1926,626,1925,25,104,210],"class_list":{"0":"post-275055","1":"post","2":"type-post","3":"status-publish","4":"format-standard","5":"has-post-thumbnail","7":"category-paris","8":"tag-actu","9":"tag-actu-paris","10":"tag-actualites","11":"tag-actualites-paris","12":"tag-circulation","13":"tag-eu","14":"tag-europe","15":"tag-fr","16":"tag-france","17":"tag-news","18":"tag-news-paris","19":"tag-paris","20":"tag-paris-news","21":"tag-republique-francaise","22":"tag-societe","23":"tag-tour-de-france"},"share_on_mastodon":{"url":"https:\/\/pubeurope.com\/@fr\/114919251890142519","error":""},"_links":{"self":[{"href":"https:\/\/www.europesays.com\/fr\/wp-json\/wp\/v2\/posts\/275055","targetHints":{"allow":["GET"]}}],"collection":[{"href":"https:\/\/www.europesays.com\/fr\/wp-json\/wp\/v2\/posts"}],"about":[{"href":"https:\/\/www.europesays.com\/fr\/wp-json\/wp\/v2\/types\/post"}],"author":[{"embeddable":true,"href":"https:\/\/www.europesays.com\/fr\/wp-json\/wp\/v2\/users\/2"}],"replies":[{"embeddable":true,"href":"https:\/\/www.europesays.com\/fr\/wp-json\/wp\/v2\/comments?post=275055"}],"version-history":[{"count":0,"href":"https:\/\/www.europesays.com\/fr\/wp-json\/wp\/v2\/posts\/275055\/revisions"}],"wp:featuredmedia":[{"embeddable":true,"href":"https:\/\/www.europesays.com\/fr\/wp-json\/wp\/v2\/media\/275056"}],"wp:attachment":[{"href":"https:\/\/www.europesays.com\/fr\/wp-json\/wp\/v2\/media?parent=275055"}],"wp:term":[{"taxonomy":"category","embeddable":true,"href":"https:\/\/www.europesays.com\/fr\/wp-json\/wp\/v2\/categories?post=275055"},{"taxonomy":"post_tag","embeddable":true,"href":"https:\/\/www.europesays.com\/fr\/wp-json\/wp\/v2\/tags?post=275055"}],"curies":[{"name":"wp","href":"https:\/\/api.w.org\/{rel}","templated":true}]}}