{"id":27506,"date":"2025-04-15T20:27:14","date_gmt":"2025-04-15T20:27:14","guid":{"rendered":"https:\/\/www.europesays.com\/fr\/27506\/"},"modified":"2025-04-15T20:27:14","modified_gmt":"2025-04-15T20:27:14","slug":"les-agents-penitentiaires-de-toulon-sous-le-choc-apres-des-tirs-de-kalachnikov","status":"publish","type":"post","link":"https:\/\/www.europesays.com\/fr\/27506\/","title":{"rendered":"les agents p\u00e9nitentiaires de Toulon sous le choc apr\u00e8s des tirs de Kalachnikov"},"content":{"rendered":"<p class=\"article-p mdl\">Depuis quelques jours, plusieurs \u00e9tablissements p\u00e9nitentiaires ont \u00e9t\u00e9 vis\u00e9s par des attaques. Notamment celui d&rsquo;Aix-en-Valence, mais aussi deux autres en\u00a0r\u00e9gion parisienne : Nanterre et Villepinte.\u00a0Le ministre de la Justice, G\u00e9rald Darmanin, est en d\u00e9placement, ce mardi 15 avril, au centre p\u00e9nitentiaire de Toulon, <strong>touch\u00e9 par des tirs \u00e0 l&rsquo;arme automatique<\/strong>, pour soutenir les agents.<\/p>\n<p class=\"article-p mdl\">La grande porte m\u00e9tallique de ce centre p\u00e9nitentiaire a \u00e9t\u00e9 cribl\u00e9e\u00a0<a class=\"link\" href=\"https:\/\/www.rtl.fr\/actu\/justice-faits-divers\/plusieurs-prisons-visees-par-des-incendies-de-vehicules-ou-des-tirs-d-armes-automatiques-7900494466\" title=\"Plusieurs prisons vis\u00e9es par des incendies de v\u00e9hicules, celle de Toulon cibl\u00e9e par des tirs d&#039;armes automatiques\" target=\"_blank\" rel=\"noopener\">d&rsquo;une quinzaine de balles de Kalachnikov<\/a>. Une myst\u00e9rieuse inscription a \u00e9galement \u00e9t\u00e9 inscrite \u00e0 la bombe de peinture en forme de revendication : \u00ab\u00a0DDFM\u00a0\u00bb. Dans d&rsquo;autres centres p\u00e9nitentiaires, le sigle \u00ab\u00a0DDPF\u00a0\u00bb a \u00e9t\u00e9 tagu\u00e9.\u00a0Selon certaines sources proches de l&rsquo;enqu\u00eate, elle pourrait signifier <strong>\u00ab\u00a0Droit des prisonniers fran\u00e7ais\u00a0\u00bb<\/strong>.\u00a0<\/p>\n<p class=\"article-p mdl\">Sous le choc, les surveillants p\u00e9nitentiaires ont tout de m\u00eame repris le travail mardi matin,\u00a0<a class=\"link\" href=\"https:\/\/www.rtl.fr\/actu\/justice-faits-divers\/les-infos-de-12h-prisons-ce-que-l-on-sait-des-attaques-simultanees-sur-plusieurs-etablissements-7900494569\" title=\"Les infos de 12h - Prisons : ce que l&#039;on sait des attaques simultan\u00e9es sur plusieurs \u00e9tablissements\" target=\"_blank\" rel=\"noopener\">au lendemain de ces\u00a0attaques synchronis\u00e9es<\/a>. \u00c0 Toulon, les faits se sont d\u00e9roul\u00e9s vers 00h40. Trois individus sont arriv\u00e9s en voiture. Le premier occupant a tagu\u00e9 la porte avant <strong>qu&rsquo;un second ne l&rsquo;arrose \u00e0 l&rsquo;arme automatique<\/strong>.\u00a0<\/p>\n<p class=\"article-p mdl\">David Mantion, surveillant d\u00e9l\u00e9gu\u00e9 UNSA \u00e0 la prison de la Farl\u00e8de, fait savoir que l&rsquo;agent qui \u00e9tait en poste \u00e0 la porte d&rsquo;entr\u00e9e principale \u00ab\u00a0a eu tr\u00e8s tr\u00e8s peur\u00a0\u00bb. \u00ab\u00a0Il a pu regarder le v\u00e9hicule et prendre la plaque d&rsquo;immatriculation. <strong>D\u00e8s que \u00e7a a tir\u00e9, il s&rsquo;est mis \u00e0 couvert.<\/strong> Heureusement parce qu&rsquo;une balle a ricoch\u00e9 et s&rsquo;est log\u00e9e dans une vitre. Les tirs de Kalachnikov ont travers\u00e9 la porte.\u00a0C&rsquo;est la premi\u00e8re fois que \u00e7a arrive sur le centre p\u00e9nitentiaire de la Farl\u00e8de.\u00a0\u00bb\u00a0Pour l&rsquo;heure, aucune revendication de ces tirs n&rsquo;a \u00e9t\u00e9 faite.\u00a0<\/p>\n<p>    La r\u00e9daction vous recommande<\/p>\n<p class=\"s-newsletter__title\">\n                L\u2019actualit\u00e9 par la r\u00e9daction de RTL dans votre bo\u00eete mail.\n            <\/p>\n<p class=\"s-newsletter__subtitle\">\n                Gr\u00e2ce \u00e0 votre compte RTL abonnez-vous \u00e0 la newsletter RTL info pour suivre toute l&rsquo;actualit\u00e9 au quotidien\n            <\/p>\n<p>\n                                    Lire la suite\n                                <\/p>\n","protected":false},"excerpt":{"rendered":"Depuis quelques jours, plusieurs \u00e9tablissements p\u00e9nitentiaires ont \u00e9t\u00e9 vis\u00e9s par des attaques. Notamment celui d&rsquo;Aix-en-Valence, mais aussi deux&hellip;\n","protected":false},"author":2,"featured_media":27507,"comment_status":"","ping_status":"","sticky":false,"template":"","format":"standard","meta":{"footnotes":""},"categories":[9619],"tags":[1111,11,6376,1777,674,107,1011,27,12,899,882,25,9673,2310],"class_list":{"0":"post-27506","1":"post","2":"type-post","3":"status-publish","4":"format-standard","5":"has-post-thumbnail","7":"category-toulon","8":"tag-actu","9":"tag-actualites","10":"tag-armes","11":"tag-eu","12":"tag-europe","13":"tag-fil-info","14":"tag-fr","15":"tag-france","16":"tag-news","17":"tag-prisons","18":"tag-provence-alpes-cote-dazur","19":"tag-republique-francaise","20":"tag-surveillance","21":"tag-toulon"},"share_on_mastodon":{"url":"https:\/\/pubeurope.com\/@fr\/114343866791246629","error":""},"_links":{"self":[{"href":"https:\/\/www.europesays.com\/fr\/wp-json\/wp\/v2\/posts\/27506","targetHints":{"allow":["GET"]}}],"collection":[{"href":"https:\/\/www.europesays.com\/fr\/wp-json\/wp\/v2\/posts"}],"about":[{"href":"https:\/\/www.europesays.com\/fr\/wp-json\/wp\/v2\/types\/post"}],"author":[{"embeddable":true,"href":"https:\/\/www.europesays.com\/fr\/wp-json\/wp\/v2\/users\/2"}],"replies":[{"embeddable":true,"href":"https:\/\/www.europesays.com\/fr\/wp-json\/wp\/v2\/comments?post=27506"}],"version-history":[{"count":0,"href":"https:\/\/www.europesays.com\/fr\/wp-json\/wp\/v2\/posts\/27506\/revisions"}],"wp:featuredmedia":[{"embeddable":true,"href":"https:\/\/www.europesays.com\/fr\/wp-json\/wp\/v2\/media\/27507"}],"wp:attachment":[{"href":"https:\/\/www.europesays.com\/fr\/wp-json\/wp\/v2\/media?parent=27506"}],"wp:term":[{"taxonomy":"category","embeddable":true,"href":"https:\/\/www.europesays.com\/fr\/wp-json\/wp\/v2\/categories?post=27506"},{"taxonomy":"post_tag","embeddable":true,"href":"https:\/\/www.europesays.com\/fr\/wp-json\/wp\/v2\/tags?post=27506"}],"curies":[{"name":"wp","href":"https:\/\/api.w.org\/{rel}","templated":true}]}}