{"id":275061,"date":"2025-07-26T11:18:13","date_gmt":"2025-07-26T11:18:13","guid":{"rendered":"https:\/\/www.europesays.com\/fr\/275061\/"},"modified":"2025-07-26T11:18:13","modified_gmt":"2025-07-26T11:18:13","slug":"jo-de-paris-un-an-apres-defile-sur-la-seine-inauguration-de-statues-les-images-des-celebrations","status":"publish","type":"post","link":"https:\/\/www.europesays.com\/fr\/275061\/","title":{"rendered":"JO de Paris, un an apr\u00e8s\u00a0: d\u00e9fil\u00e9 sur la Seine, inauguration de statues\u2026 les images des c\u00e9l\u00e9brations"},"content":{"rendered":"<p class=\"paragraph text_align_left lp-f-body-02\"><a href=\"https:\/\/www.leparisien.fr\/jo-paris-2024\/rien-que-den-reparler-jai-des-frissons-un-an-apres-les-jeux-de-paris-qui-sont-les-jostalgiques-26-07-2025-TQGL27BPUNGL5EH4RYI32KAFMM.php\" target=\"_self\" rel=\"noopener\">Les JO de Paris<\/a> vont souffler leurs premi\u00e8res bougies ce soir. Un an apr\u00e8s <a href=\"https:\/\/www.leparisien.fr\/jo-paris-2024\/jo-paris-2024-thomas-jolly-et-thierry-reboul-un-duo-magique-a-lorigine-dune-ceremonie-de-reve-26-07-2024-ONULLKHIZBH2JA4WFSQB74A5WQ.php\" target=\"_self\" rel=\"noopener\">la c\u00e9r\u00e9monie d\u2019ouverture organis\u00e9e par Thomas Jolly<\/a> et l\u2019envol de la vasque olympique dans le ciel parisien, la capitale se replonge pendant quelques heures dans l\u2019ambiance effervescente des Jeux olympiques.<\/p>\n<p class=\"paragraph text_align_left lp-f-body-02\">La ville de Paris propose diverses animations et festivit\u00e9s, en souvenir des olympiades de l\u2019an pass\u00e9, dans plusieurs quartiers parisiens ainsi que dans certaines localit\u00e9s de la petite couronne.<\/p>\n<p class=\"paragraph text_align_left lp-f-body-02\"><a href=\"https:\/\/www.leparisien.fr\/sports\/JO\/leuphorie-totale-mais-aussi-la-panique-a-bord-du-bateau-ivre-des-bleus-lors-de-la-ceremonie-douverture-des-jo-26-07-2025-GHY4HSMBD5BKVJDOHVGVJIIW3M.php\" target=\"_self\" rel=\"noopener\">La Seine, h\u00f4te de la c\u00e9r\u00e9monie d\u2019ouverture de l\u2019an pass\u00e9<\/a> et de nombreuses \u00e9preuves aquatiques, occupe une place toute particuli\u00e8re dans ces festivit\u00e9s.<\/p>\n<p>Retour des anneaux olympiques sur la tour Eiffel<img decoding=\"async\" class=\"image \" loading=\"lazy\" src=\"https:\/\/www.europesays.com\/fr\/wp-content\/uploads\/2025\/07\/2HIBB3OBVRGBXNUCD2HQG3JAO4.jpg\" alt=\"&#10;LP\/Olivier Arandel\" align=\"\" data-rubrique-principale=\"\" data-article-type=\"\" fetchpriority=\"auto\"\/>LP\/Olivier Arandel <\/p>\n<p class=\"paragraph text_align_left lp-f-body-02\">Les anneaux olympiques avaient d\u00e9j\u00e0 fait leur retour \u00e0 c\u00f4t\u00e9 de la tour Eiffel jeudi.<\/p>\n<p>D\u00e9fil\u00e9 de bateaux sur la Seine<img decoding=\"async\" class=\"image \" loading=\"lazy\" src=\"https:\/\/www.europesays.com\/fr\/wp-content\/uploads\/2025\/07\/22GH7HBTQNBSFJKSJRTF22YDJI.jpg\" alt=\"STEPHANE DE SAKUTIN \/ AFP\" align=\"\" data-rubrique-principale=\"\" data-article-type=\"\" fetchpriority=\"auto\"\/>STEPHANE DE SAKUTIN \/ AFP <\/p>\n<p class=\"paragraph text_align_left lp-f-body-02\">Ce samedi, une centaine d\u2019embarcations ont descendu la Seine, de Bercy au port des Saints-P\u00e8res.<\/p>\n<p><img decoding=\"async\" class=\"image \" loading=\"lazy\" src=\"https:\/\/www.europesays.com\/fr\/wp-content\/uploads\/2025\/07\/BJN6FGTKQJBGBHFJ36F5YM7ACM.jpg\" alt=\" Hugo MATHY \/ AFP\" align=\"\" data-rubrique-principale=\"\" data-article-type=\"\" fetchpriority=\"auto\"\/>Hugo MATHY \/ AFP <\/p>\n<p class=\"paragraph text_align_left lp-f-body-02\">Parmi ces navires, on retrouvait des kayaks, des paddles, des avirons et des dragons boats.<\/p>\n<p>Inauguration des statues olympiques<img decoding=\"async\" class=\"image \" loading=\"lazy\" src=\"https:\/\/www.europesays.com\/fr\/wp-content\/uploads\/2025\/07\/4NUJKP3ISZD6NAWK3DDNTAO74I.jpg\" alt=\" STEPHANE DE SAKUTIN \/ POOL \/ AFP\" align=\"\" data-rubrique-principale=\"\" data-article-type=\"\" fetchpriority=\"auto\"\/>STEPHANE DE SAKUTIN \/ POOL \/ AFP<img decoding=\"async\" class=\"image \" loading=\"lazy\" src=\"https:\/\/www.europesays.com\/fr\/wp-content\/uploads\/2025\/07\/LFOQ2NH3DVHUZIKMGDS72HYC6A.jpg\" alt=\" STEPHANE DE SAKUTIN \/ POOL \/ AFP\" align=\"\" data-rubrique-principale=\"\" data-article-type=\"\" fetchpriority=\"auto\"\/>STEPHANE DE SAKUTIN \/ POOL \/ AFP<\/p>\n<p class=\"paragraph text_align_left lp-f-body-02\"><a href=\"https:\/\/www.leparisien.fr\/paris-75\/on-les-offre-aux-yeux-du-monde-a-paris-les-statues-des-femmes-illustres-deja-adoptees-porte-de-la-chapelle-23-07-2025-S57A4S23AZAHRCSEUCYPLDGJTQ.php\" target=\"_self\" rel=\"noopener\">Dix statues de femmes c\u00e9l\u00e8bres<\/a>, mises \u00e0 l\u2019honneur l\u2019an pass\u00e9, ont \u00e9t\u00e9 officiellement inaugur\u00e9es rue de la Chapelle.<\/p>\n<p>Les organisateurs de Paris 2024<img decoding=\"async\" class=\"image \" loading=\"lazy\" src=\"https:\/\/www.europesays.com\/fr\/wp-content\/uploads\/2025\/07\/IPHNO37UBRHXFNZBSB5UZEUFMM.jpg\" alt=\" STEPHANE DE SAKUTIN \/ POOL \/ AFP\" align=\"\" data-rubrique-principale=\"\" data-article-type=\"\" fetchpriority=\"auto\"\/>STEPHANE DE SAKUTIN \/ POOL \/ AFP<\/p>\n<p class=\"paragraph text_align_left lp-f-body-02\">Plusieurs personnalit\u00e9s politique et sportive \u00e9taient pr\u00e9sentes comme <a href=\"https:\/\/www.leparisien.fr\/jo-paris-2024\/toutes-ces-personnes-qui-me-disent-merci-un-an-apres-les-jo-tony-estanguet-revient-sur-une-aventure-hors-norme-26-07-2025-EIN7MBLLRRFLLAOUVECOVVIDCM.php\" target=\"_self\" rel=\"noopener\">Tony Estanguet<\/a> ou la maire de Paris Anne Hidalgo.<\/p>\n","protected":false},"excerpt":{"rendered":"Les JO de Paris vont souffler leurs premi\u00e8res bougies ce soir. Un an apr\u00e8s la c\u00e9r\u00e9monie d\u2019ouverture organis\u00e9e&hellip;\n","protected":false},"author":2,"featured_media":275062,"comment_status":"","ping_status":"","sticky":false,"template":"","format":"standard","meta":{"footnotes":""},"categories":[1888],"tags":[11,1777,674,1011,27,12,626,5856,25,60],"class_list":{"0":"post-275061","1":"post","2":"type-post","3":"status-publish","4":"format-standard","5":"has-post-thumbnail","7":"category-paris","8":"tag-actualites","9":"tag-eu","10":"tag-europe","11":"tag-fr","12":"tag-france","13":"tag-news","14":"tag-paris","15":"tag-paris-2024","16":"tag-republique-francaise","17":"tag-sports"},"share_on_mastodon":{"url":"https:\/\/pubeurope.com\/@fr\/114919264028254444","error":""},"_links":{"self":[{"href":"https:\/\/www.europesays.com\/fr\/wp-json\/wp\/v2\/posts\/275061","targetHints":{"allow":["GET"]}}],"collection":[{"href":"https:\/\/www.europesays.com\/fr\/wp-json\/wp\/v2\/posts"}],"about":[{"href":"https:\/\/www.europesays.com\/fr\/wp-json\/wp\/v2\/types\/post"}],"author":[{"embeddable":true,"href":"https:\/\/www.europesays.com\/fr\/wp-json\/wp\/v2\/users\/2"}],"replies":[{"embeddable":true,"href":"https:\/\/www.europesays.com\/fr\/wp-json\/wp\/v2\/comments?post=275061"}],"version-history":[{"count":0,"href":"https:\/\/www.europesays.com\/fr\/wp-json\/wp\/v2\/posts\/275061\/revisions"}],"wp:featuredmedia":[{"embeddable":true,"href":"https:\/\/www.europesays.com\/fr\/wp-json\/wp\/v2\/media\/275062"}],"wp:attachment":[{"href":"https:\/\/www.europesays.com\/fr\/wp-json\/wp\/v2\/media?parent=275061"}],"wp:term":[{"taxonomy":"category","embeddable":true,"href":"https:\/\/www.europesays.com\/fr\/wp-json\/wp\/v2\/categories?post=275061"},{"taxonomy":"post_tag","embeddable":true,"href":"https:\/\/www.europesays.com\/fr\/wp-json\/wp\/v2\/tags?post=275061"}],"curies":[{"name":"wp","href":"https:\/\/api.w.org\/{rel}","templated":true}]}}