{"id":275063,"date":"2025-07-26T11:19:12","date_gmt":"2025-07-26T11:19:12","guid":{"rendered":"https:\/\/www.europesays.com\/fr\/275063\/"},"modified":"2025-07-26T11:19:12","modified_gmt":"2025-07-26T11:19:12","slug":"la-russie-prepare-le-plus-important-programme-de-defense-depuis-leffondrement-de-lurss-en-prevision-dune-guerre-de-grande-envergure","status":"publish","type":"post","link":"https:\/\/www.europesays.com\/fr\/275063\/","title":{"rendered":"La Russie pr\u00e9pare le plus important programme de D\u00e9fense depuis l&rsquo;effondrement de l&rsquo;URSS\u00a0\u00bb en pr\u00e9vision d&rsquo;une \u00ab\u00a0guerre de grande envergure"},"content":{"rendered":"<p><a href=\"https:\/\/www.lalibre.be\/international\/europe\/guerre-ukraine-russie\/2025\/07\/23\/july-storm-lexercice-militaire-de-grande-ampleur-mene-par-la-russie-sur-plusieurs-jours-dans-les-mers-et-oceans-du-globe-P2A5L7YFZREBBJ5FX55FRSXZTI\/\" target=\"_blank\" rel=\"noopener noreferrer\" class=\"ap-StoryInterstitialLink ap-StoryElement ap-StoryElement--mb js-paywall-target\">\u00ab\u00a0July Storm\u00a0\u00bb, l&rsquo;exercice militaire de grande ampleur men\u00e9 par la Russie sur plusieurs jours, dans les mers et oc\u00e9ans du globe<\/a>Un tiers des d\u00e9penses f\u00e9d\u00e9rales consacr\u00e9es \u00e0 la D\u00e9fense<\/p>\n<p class=\"ap-StoryElement ap-StoryElement--mb ap-StoryText\">Dans son projet de loi budg\u00e9taire de 2025, le Kremlin avait d\u00e9j\u00e0 annonc\u00e9 une augmentation de 30 % des d\u00e9penses militaires, comme le rappelle Le Figaro. Pour cette ann\u00e9e, les d\u00e9penses en mati\u00e8re de D\u00e9fense devraient donc atteindre 13 500 milliards de roubles (130 milliards d&rsquo;euros, NdlR), ce qui repr\u00e9sente pr\u00e8s d&rsquo;un tiers des d\u00e9penses f\u00e9d\u00e9rales totales. En 2024, cette augmentation du budget \u00e9tait encore plus importante puisqu&rsquo;elle s&rsquo;\u00e9levait \u00e0 70 %, repr\u00e9sentant ainsi 8,7 % du PIB de la Russie.<\/p>\n<p class=\"ap-StoryElement ap-StoryElement--mb ap-StoryText\">Si dans un premier temps les autorit\u00e9s russes semblaient confiantes par rapport \u00e0 la r\u00e9ussite de leur \u00ab\u00a0op\u00e9ration sp\u00e9ciale\u00a0\u00bb en Ukraine et optimistes quant \u00e0 une conclusion favorable rapide. Ces \u00e9l\u00e9ments montrent d\u00e9sormais que le Kremlin se pr\u00e9pare \u00e0 une guerre longue face \u00e0 l&rsquo;Ukraine, qui, <a href=\"https:\/\/www.lalibre.be\/economie\/conjoncture\/2025\/07\/25\/zelensky-appelle-a-laide-leurope-pour-payer-ses-soldats-notre-armee-peut-etre-larme-qui-protege-tout-le-monde-D2KRDFIIANCF7B6AKR52QURDEE\/\" target=\"_blank\" rel=\"noopener\">soutenue par ses alli\u00e9s<\/a>, r\u00e9siste non sans difficult\u00e9s aux <a href=\"https:\/\/www.lalibre.be\/international\/europe\/guerre-ukraine-russie\/2025\/07\/02\/un-ukrainien-raconte-le-sordide-rituel-des-russes-des-etres-humains-ne-font-pas-ce-genre-de-choses-ce-sont-des-creatures-de-lenfer-QARBY7LACBCMTK3HIHAH2PWYDQ\/\" target=\"_blank\" rel=\"noopener\">attaques de la Russie<\/a>.<\/p>\n<p><a href=\"https:\/\/www.lalibre.be\/international\/europe\/guerre-ukraine-russie\/2025\/07\/11\/cest-triste-a-dire-mais-si-poutine-vient-a-freiner-les-operations-en-ukraine-alors-il-faut-sinquieter-G32BR6ETCNFOFHAT4WECTNAH7A\/\" target=\"_blank\" rel=\"noopener noreferrer\" class=\"ap-StoryInterstitialLink ap-StoryElement ap-StoryElement--mb\">\u00ab\u00a0C&rsquo;est triste \u00e0 dire, mais si Poutine vient \u00e0 freiner les op\u00e9rations en Ukraine, alors il faut s&rsquo;inqui\u00e9ter\u00a0\u00bb<\/a>Une strat\u00e9gie globale<\/p>\n<p class=\"ap-StoryElement ap-StoryElement--mb ap-StoryText\">\u00ab\u00a0La Russie cherche \u00e0 d\u00e9truire l&rsquo;ordre actuel en mati\u00e8re de s\u00e9curit\u00e9 et d&rsquo;\u00e9conomie\u00a0\u00bb, ajoute Boudanov. Au-del\u00e0 de l&rsquo;Ukraine, la Russie tente d&rsquo;\u00e9tendre son influence sur la sph\u00e8re mondiale. \u00ab\u00a0Pour ce faire, Moscou renforce sa pr\u00e9sence en Afrique, principalement en utilisant ses forces par procuration : <a href=\"https:\/\/www.lalibre.be\/international\/afrique\/2025\/06\/08\/le-groupe-paramilitaire-russe-wagner-quitte-le-mali-remplace-par-africa-corps-notre-interlocuteur-reste-le-meme-cest-le-kremlin-ZBV3RYF77ZGZ5FY5DSP2FDA3OU\/\" target=\"_blank\" rel=\"noopener\">le groupe paramilitaire Wagner et l\u00a0\u00bbAfrica Corps&rsquo;.<\/a> Elle soutient \u00e9galement des r\u00e9gimes autoritaires et des organisations terroristes \u00e0 travers le monde\u00a0\u00bb, argumente le chef du GUR.<\/p>\n<p><a href=\"https:\/\/www.lalibre.be\/international\/europe\/guerre-ukraine-russie\/2025\/07\/11\/ils-ont-perdu-la-tete-suicide-suffocation-un-soldat-russe-raconte-la-terrible-realite-derriere-la-mission-militaire-russe-operation-stream-K2G6MDGGPBGXTPZJVS7VHCYP2Q\/\" target=\"_blank\" rel=\"noopener noreferrer\" class=\"ap-StoryInterstitialLink ap-StoryElement ap-StoryElement--mb\">\u00ab\u00a0Ils ont perdu la t\u00eate\u00a0\u00bb: suicide, suffocation&#8230; Un soldat russe raconte la terrible r\u00e9alit\u00e9 derri\u00e8re la mission militaire russe \u00ab\u00a0Operation Stream\u00a0\u00bb<\/a><\/p>\n<p class=\"ap-StoryElement ap-StoryElement--mb ap-StoryText\">\u00ab\u00a0Les Russes essaient \u00e9galement de mener des <a href=\"https:\/\/www.lalibre.be\/international\/europe\/guerre-ukraine-russie\/2025\/04\/02\/la-promesse-belge-de-livrer-des-f-16-a-lukraine-a-stimule-la-desinformation-russe-le-but-etait-que-la-population-se-sente-menacee-RPMCDVQKXJDSDJ7X2JR74HNFKY\/\" target=\"_blank\" rel=\"noopener\">op\u00e9rations hybrides d&rsquo;information<\/a> et de cyber-op\u00e9rations sur le territoire d&rsquo;autres \u00c9tats. Par le biais de m\u00e9dias sous leur contr\u00f4le et de leaders d&rsquo;opinion, ils interf\u00e8rent dans le processus d\u00e9mocratique civilis\u00e9. [\u2026] Moscou a pour objectif d&rsquo;imposer aux pays sa propre vision de l&rsquo;avenir de l&rsquo;ordre mondial, o\u00f9 les \u00ab\u00a0grandes\u00a0\u00bb puissances, en particulier la F\u00e9d\u00e9ration de Russie, d\u00e9tiennent l&rsquo;int\u00e9gralit\u00e9 du pouvoir, le monopole sur toutes les ressources critiques et, dans un cercle ferm\u00e9, d\u00e9cident du destin du monde\u00a0\u00bb, avertit Kyrylo Boudanov.<\/p>\n","protected":false},"excerpt":{"rendered":"\u00ab\u00a0July Storm\u00a0\u00bb, l&rsquo;exercice militaire de grande ampleur men\u00e9 par la Russie sur plusieurs jours, dans les mers et&hellip;\n","protected":false},"author":2,"featured_media":275064,"comment_status":"","ping_status":"","sticky":false,"template":"","format":"standard","meta":{"footnotes":""},"categories":[1591],"tags":[11,1887,41442,1227,12,9024,9026,1885,1886,132],"class_list":{"0":"post-275063","1":"post","2":"type-post","3":"status-publish","4":"format-standard","5":"has-post-thumbnail","7":"category-russie","8":"tag-actualites","9":"tag-federation-de-russie","10":"tag-flag-russia","11":"tag-horizontal","12":"tag-news","13":"tag-politics","14":"tag-portrait","15":"tag-russia","16":"tag-russian-federation","17":"tag-russie"},"share_on_mastodon":{"url":"https:\/\/pubeurope.com\/@fr\/114919267627788730","error":""},"_links":{"self":[{"href":"https:\/\/www.europesays.com\/fr\/wp-json\/wp\/v2\/posts\/275063","targetHints":{"allow":["GET"]}}],"collection":[{"href":"https:\/\/www.europesays.com\/fr\/wp-json\/wp\/v2\/posts"}],"about":[{"href":"https:\/\/www.europesays.com\/fr\/wp-json\/wp\/v2\/types\/post"}],"author":[{"embeddable":true,"href":"https:\/\/www.europesays.com\/fr\/wp-json\/wp\/v2\/users\/2"}],"replies":[{"embeddable":true,"href":"https:\/\/www.europesays.com\/fr\/wp-json\/wp\/v2\/comments?post=275063"}],"version-history":[{"count":0,"href":"https:\/\/www.europesays.com\/fr\/wp-json\/wp\/v2\/posts\/275063\/revisions"}],"wp:featuredmedia":[{"embeddable":true,"href":"https:\/\/www.europesays.com\/fr\/wp-json\/wp\/v2\/media\/275064"}],"wp:attachment":[{"href":"https:\/\/www.europesays.com\/fr\/wp-json\/wp\/v2\/media?parent=275063"}],"wp:term":[{"taxonomy":"category","embeddable":true,"href":"https:\/\/www.europesays.com\/fr\/wp-json\/wp\/v2\/categories?post=275063"},{"taxonomy":"post_tag","embeddable":true,"href":"https:\/\/www.europesays.com\/fr\/wp-json\/wp\/v2\/tags?post=275063"}],"curies":[{"name":"wp","href":"https:\/\/api.w.org\/{rel}","templated":true}]}}