{"id":275067,"date":"2025-07-26T11:21:12","date_gmt":"2025-07-26T11:21:12","guid":{"rendered":"https:\/\/www.europesays.com\/fr\/275067\/"},"modified":"2025-07-26T11:21:12","modified_gmt":"2025-07-26T11:21:12","slug":"la-coree-du-sud-est-attendue-aux-etats-unis-pour-dultimes-negociations-commerciales-la-construction-navale-pourrait-servir-de-monnaie-dechange","status":"publish","type":"post","link":"https:\/\/www.europesays.com\/fr\/275067\/","title":{"rendered":"La Cor\u00e9e du Sud est attendue aux \u00c9tats-Unis pour d\u2019ultimes n\u00e9gociations commerciales, la construction navale pourrait servir de monnaie d\u2019\u00e9change"},"content":{"rendered":"<p>A quelques jours de l\u2019ultimatum fix\u00e9 par l\u2019administration Trump pour l\u2019application des droits de douane, la Cor\u00e9e du Sud envoie ses \u00e9missaires politiques \u00e0 Washington pour d\u2019ultimes n\u00e9gociations.<\/p>\n<p>Derni\u00e8re ligne droite pour les n\u00e9gociations commerciales. Le vice-premier ministre de Cor\u00e9e du Sud rencontrera le secr\u00e9taire am\u00e9ricain au Tr\u00e9sor la semaine prochaine, avant la date limite fix\u00e9e par Washington <a href=\"https:\/\/www.bfmtv.com\/international\/c-est-un-grand-honneur-de-vous-envoyer-cette-lettre-trump-ecrit-au-japon-et-a-la-coree-du-sud-pour-leur-signifier-leurs-hausses-de-droits-de-douane-a-25_AD-202507070613.html\" title=\"&quot;C&#039;est un grand honneur de vous envoyer cette lettre&quot;: Trump \u00e9crit au Japon et \u00e0 la Cor\u00e9e du Sud pour leur signifier leurs hausses de droits de douane \u00e0 25%\" class=\"internal_link\" rel=\"nofollow noopener\" target=\"_blank\">pour parvenir \u00e0 un accord concernant les droits de douane<\/a>, a d\u00e9clar\u00e9 samedi le bureau de la pr\u00e9sidence de S\u00e9oul.<\/p>\n<p>\u00ab\u00a0Le vice-premier ministre Koo Yun-cheol et le ministre des Affaires \u00e9trang\u00e8res Cho Yun doivent rencontrer le secr\u00e9taire au Tr\u00e9sor des \u00c9tats-Unis Scott Bessent et le secr\u00e9taire d&rsquo;\u00c9tat Marco Rubio la semaine prochaine\u00a0\u00bb, a indiqu\u00e9 le bureau pr\u00e9sidentiel dans un communiqu\u00e9.<\/p>\n<p>Le communiqu\u00e9 a \u00e9t\u00e9 publi\u00e9 lors d&rsquo;une rencontre au bureau pr\u00e9sidentiel durant laquelle le ministre de l&rsquo;Industrie Kim Jung-kwan a rendu compte de ses \u00e9changes tenus mardi avec le secr\u00e9taire au Commerce des \u00c9tats-Unis, Howard Lutnick.<\/p>\n<blockquote class=\"embed embed_quote\"><p>\u00ab\u00a0Le gouvernement s&rsquo;est engag\u00e9 \u00e0 consacrer tous ses efforts \u00e0 la conclusion des n\u00e9gociations commerciales avec Washington avant la date limite du 1er ao\u00fbt\u00a0\u00bb, pr\u00e9cise le communiqu\u00e9.<\/p><\/blockquote>\n<p>L&rsquo;administration du pr\u00e9sident am\u00e9ricain Donald Trump a brandi la menace de droits de douane de 25% pour la Cor\u00e9e du Sud si un accord commercial n&rsquo;est pas trouv\u00e9 au 1er ao\u00fbt.<\/p>\n<p>L&rsquo;annonce de cette rencontre intervient apr\u00e8s l&rsquo;annulation de discussions pr\u00e9vues la semaine derni\u00e8re, \u00e0 cause de \u00ab\u00a0l&#8217;emploi du temps urgent\u00a0\u00bb de Scott Bessent.<\/p>\n<p>La construction navale, un argument de poids<\/p>\n<p>Le bureau de la pr\u00e9sidence pr\u00e9cise par ailleurs que S\u00e9oul a confirm\u00e9 le \u00ab\u00a0fort int\u00e9r\u00eat\u00a0\u00bb de Washington dans le secteur de la construction navale, qui pourrait alors servir de monnaie d&rsquo;\u00e9change dans les n\u00e9gociations, et qu&rsquo;il a accept\u00e9 de travailler en vue d&rsquo;une coop\u00e9ration dans ce secteur.<\/p>\n<p>La Cor\u00e9e du Sud est le deuxi\u00e8me pays le plus important dans ce domaine, derri\u00e8re la Chine.<\/p>\n<p>Face \u00e0 <a href=\"https:\/\/www.bfmtv.com\/international\/asie\/chine\/une-menace-imminente-les-etats-unis-accuse-la-chine-de-se-preparer-a-utiliser-la-force-en-asie-pacifique_AD-202505310044.html\" title=\"Une menace &quot;imminente&quot;: les \u00c9tats-Unis accusent la Chine de se pr\u00e9parer \u00e0 &quot;utiliser la force&quot; en Asie-Pacifique\" class=\"internal_link\" rel=\"nofollow noopener\" target=\"_blank\">la mont\u00e9e des tensions dans le d\u00e9troit de Ta\u00efwan<\/a>, les \u00c9tats-Unis se tournent vers des chantiers navals \u00e0 l&rsquo;\u00e9tranger pour renforcer leurs op\u00e9rations dans la r\u00e9gion Asie-Pacifique, faisant de la Cor\u00e9e du Sud un partenaire cl\u00e9 en mati\u00e8re de d\u00e9fense.<\/p>\n<p>En 2024, Hanwha Ocean, l&rsquo;un des plus grands constructeurs navals de Cor\u00e9e du Sud, est devenue la premi\u00e8re entreprise non am\u00e9ricaine autoris\u00e9e \u00e0 effectuer la maintenance en cale s\u00e8che d&rsquo;un navire de la marine am\u00e9ricaine.<\/p>\n","protected":false},"excerpt":{"rendered":"A quelques jours de l\u2019ultimatum fix\u00e9 par l\u2019administration Trump pour l\u2019application des droits de douane, la Cor\u00e9e du&hellip;\n","protected":false},"author":2,"featured_media":275068,"comment_status":"","ping_status":"","sticky":false,"template":"","format":"standard","meta":{"footnotes":""},"categories":[1589],"tags":[11,73,1866,12,1864,1865,1863,308],"class_list":{"0":"post-275067","1":"post","2":"type-post","3":"status-publish","4":"format-standard","5":"has-post-thumbnail","7":"category-etats-unis","8":"tag-actualites","9":"tag-etats-unis","10":"tag-etats-unis-damerique","11":"tag-news","12":"tag-united-states","13":"tag-united-states-of-america","14":"tag-us","15":"tag-usa"},"share_on_mastodon":{"url":"https:\/\/pubeurope.com\/@fr\/114919275530729264","error":""},"_links":{"self":[{"href":"https:\/\/www.europesays.com\/fr\/wp-json\/wp\/v2\/posts\/275067","targetHints":{"allow":["GET"]}}],"collection":[{"href":"https:\/\/www.europesays.com\/fr\/wp-json\/wp\/v2\/posts"}],"about":[{"href":"https:\/\/www.europesays.com\/fr\/wp-json\/wp\/v2\/types\/post"}],"author":[{"embeddable":true,"href":"https:\/\/www.europesays.com\/fr\/wp-json\/wp\/v2\/users\/2"}],"replies":[{"embeddable":true,"href":"https:\/\/www.europesays.com\/fr\/wp-json\/wp\/v2\/comments?post=275067"}],"version-history":[{"count":0,"href":"https:\/\/www.europesays.com\/fr\/wp-json\/wp\/v2\/posts\/275067\/revisions"}],"wp:featuredmedia":[{"embeddable":true,"href":"https:\/\/www.europesays.com\/fr\/wp-json\/wp\/v2\/media\/275068"}],"wp:attachment":[{"href":"https:\/\/www.europesays.com\/fr\/wp-json\/wp\/v2\/media?parent=275067"}],"wp:term":[{"taxonomy":"category","embeddable":true,"href":"https:\/\/www.europesays.com\/fr\/wp-json\/wp\/v2\/categories?post=275067"},{"taxonomy":"post_tag","embeddable":true,"href":"https:\/\/www.europesays.com\/fr\/wp-json\/wp\/v2\/tags?post=275067"}],"curies":[{"name":"wp","href":"https:\/\/api.w.org\/{rel}","templated":true}]}}