{"id":275070,"date":"2025-07-26T11:23:10","date_gmt":"2025-07-26T11:23:10","guid":{"rendered":"https:\/\/www.europesays.com\/fr\/275070\/"},"modified":"2025-07-26T11:23:10","modified_gmt":"2025-07-26T11:23:10","slug":"le-retour-des-controles-aux-frontieres-en-allemagne-perturbe-la-libre-circulation","status":"publish","type":"post","link":"https:\/\/www.europesays.com\/fr\/275070\/","title":{"rendered":"le retour des contr\u00f4les aux fronti\u00e8res en Allemagne perturbe la libre circulation"},"content":{"rendered":"<p>La file de voitures serpente sur plus d&rsquo;un kilom\u00e8tre. Coups de klaxon d&rsquo;automobilistes exc\u00e9d\u00e9s, ronflement des moteurs, invectives\u2026 La caravane tente p\u00e9niblement de rallier Kehl, ville frontali\u00e8re allemande, depuis Strasbourg. En face, le poste-fronti\u00e8re grouille de policiers venus de toute l&rsquo;Allemagne pour contr\u00f4ler plaques et conducteurs. Des voitures ont ordre de se garer sur le c\u00f4t\u00e9. Deutsche Polizei , papiers d&rsquo;identit\u00e9, papiers du v\u00e9hicule, ouverture du coffre\u2026<\/p>\n<p>            L&rsquo;Europe unie mise \u00e0 mal<\/p>\n<p>\u00c0 la gare, une \u00e9quipe polici\u00e8re stoppe tous les trains, locaux et \u00e0 grande vitesse, en provenance de la capitale alsacienne pour contr\u00f4ler leurs passagers. Une dame \u00e9l\u00e9gante, originaire du Cameroun, chemise en lin \u00e0 rayures et foulard bleu roi sur les cheveux, sort f\u00e9brilement un r\u00e9c\u00e9piss\u00e9 de demande de droit d&rsquo;asile d\u00e9livr\u00e9 par la France. Sur le quai, le Polizeikommissar Philipp Bodenschatz tranche. \u00ab Non, \u00e7a ne convient pas. \u00bb Elle rejoint un couple de personnes \u00e2g\u00e9es, exfiltr\u00e9es du tram \u00e0 quelques m\u00e8tres de l\u00e0, cabas \u00e0 la main, l&rsquo;air hagard. \u00ab On doit faire une proc\u00e9dure pour eux aussi, ils ont oubli\u00e9 leur carte d&rsquo;identit\u00e9 \u00bb, s&rsquo;agace l&rsquo;officier. Des sc\u00e8nes qui r\u00e9vulsent Jeanne Barseghian et Wolfram Britz, les maires des deux communes, qui ont fait de Kehl et Strasbourg un \u00ab laboratoire de l&rsquo;Europe \u00bb cit\u00e9 en exemple par la Commission europ\u00e9enne.<\/p>\n<p>La raison qui a pouss\u00e9 Friedrich Merz, chancelier chr\u00e9tien-d\u00e9mocrate (CDU), \u00e9lu le 6 mai 2025, d\u00e9fenseur d&rsquo;une \u00ab Europe unie \u00bb, \u00e0 ordonner ces contr\u00f4les tient en trois lettres : AfD (Alternative f\u00fcr Deutschland ), le parti d&rsquo;extr\u00eame droite, et ses 20,8 % des voix lors de ces \u00e9lections l\u00e9gislatives. Pour ne pas \u00eatre d\u00e9bord\u00e9 sur sa droite, le nouveau ministre de l&rsquo;Int\u00e9rieur, Alexander Dobrindt (CSU, alli\u00e9 de la CDU) a \u00e9rig\u00e9 la lutte contre l&rsquo;immigration ill\u00e9gale au rang de \u00ab priorit\u00e9 \u00bb. Le 8 mai dernier, en pleine comm\u00e9moration de la capitulation nazie, l&rsquo;Allemagne r\u00e9tablissait des contr\u00f4les stricts.<\/p>\n<p>Un choc et une pagaille les premi\u00e8res semaines. Il fallait compter jusqu&rsquo;\u00e0 une heure pour traverser la fronti\u00e8re en certains points. Invivable pour les plus de 50 000 travailleurs fran\u00e7ais qui traversent quotidiennement la fronti\u00e8re. Depuis, chacun s&rsquo;accommode. Giacomo Bernardi, Italien vivant \u00e0 Strasbourg avec son \u00e9pouse fran\u00e7aise, travaille \u00e0 B\u00fchl, outre-Rhin. \u00ab Je ne d\u00e9pose plus mon fils \u00e0 l&rsquo;\u00e9cole, c&rsquo;est mon \u00e9pouse qui s&rsquo;en charge. \u00c7a perturbe nos vies. \u00bb Cette d\u00e9cision trouve n\u00e9anmoins un \u00e9cho dans la population allemande. En janvier, 57 % des Allemands sond\u00e9s par le quotidien <a href=\"https:\/\/www.welt.de\/\" target=\"_blank\" rel=\"nofollow noopener\">Die Welt<\/a> se disaient favorables au refoulement \u00e0 la fronti\u00e8re des personnes sans papiers d&rsquo;entr\u00e9e valides, m\u00eame si elles ont l&rsquo;intention de demander l&rsquo;asile. Et nombreux sont les Fran\u00e7ais crois\u00e9s sur place qui exhortent la France \u00e0 s&rsquo;en inspirer.<\/p>\n<p>            Atteinte aux r\u00e8gles de Dublin<\/p>\n<p>L&rsquo;incertitude p\u00e8se pourtant sur la l\u00e9galit\u00e9 de ces contr\u00f4les. En juin, le tribunal administratif de Berlin a donn\u00e9 raison \u00e0 trois Somaliens, expuls\u00e9s directement malgr\u00e9 leur demande d&rsquo;asile d\u00e9pos\u00e9e en Allemagne. Arrim\u00e9 \u00e0 sa volont\u00e9 de diminuer le nombre de ces demandes, Berlin a enfreint le r\u00e8glement de Dublin, qui encadre strictement la proc\u00e9dure.<\/p>\n<p>Une fronde volontaire, selon les hi\u00e9rarques de la CSU, qui aspirent \u00e0 une refonte de l&rsquo;application du r\u00e8glement, qui laisserait une plus grande marge de man\u0153uvre aux \u00c9tats. \u00ab Le gouvernement allemand s&rsquo;est assis sur le droit \u00bb, r\u00e9sume Catherine Haguenau-Moizard \u00e0 la facult\u00e9 de droit de Strasbourg. Sur son ordinateur, la germanophile professeure de droit public d\u00e9roule la longue liste de pays europ\u00e9ens ayant r\u00e9tabli des contr\u00f4les. France, Danemark, Belgique, Italie\u2026 Tous \u00ab se donnent la possibilit\u00e9 de faire des contr\u00f4les syst\u00e9matiques \u00bb. Le Code fronti\u00e8res Schengen pr\u00e9voit leur r\u00e9tablissement en cas de menaces pour l&rsquo;ordre public ou la s\u00e9curit\u00e9 int\u00e9rieure. Normalement, ils ne peuvent durer que six mois, renouvelables pendant une p\u00e9riode maximale de trois ans. \u00ab Il y a une subtilit\u00e9, pointe la juriste. Il suffit de nommer diff\u00e9remment la menace pour relancer ces d\u00e9lais. \u00bb La France verrouille ainsi, depuis 2015, Vintimille, ville fronti\u00e8re italienne. \u00ab Tous les indicateurs sont au rouge concernant l&rsquo;espace Schengen : il est d\u00e9tricotable et d\u00e9tricot\u00e9. \u00bb<\/p>\n<p>La Pologne vient, \u00e0 son tour, de r\u00e9tablir des contr\u00f4les \u00e0 ses fronti\u00e8res avec la Lituanie et l&rsquo;Allemagne. Une r\u00e9ponse directe \u00e0 la d\u00e9cision allemande. Face \u00e0 ce regain de tensions, la solution pourrait venir des peuples. \u00c0 Kehl, la mobilisation am\u00e9liore, doucement, la situation. Si la police ne le reconna\u00eet pas, les r\u00e9criminations des deux rives du Rhin auraient pouss\u00e9 les autorit\u00e9s \u00e0 am\u00e9nager les contr\u00f4les le matin pour limiter la g\u00eane des travailleurs frontaliers. D\u00e9termin\u00e9, Claus N\u00fcckles, pr\u00e9sident de l&rsquo;association des commer\u00e7ants kehlois, l&rsquo;assure : \u00ab On continue de se battre, Kehl et Strasbourg, c&rsquo;est la m\u00eame ville. \u00bb Le combat sera long : \u00e0 l&rsquo;automne, l&rsquo;Allemagne a pr\u00e9vu de prolonger les contr\u00f4les.<\/p>\n<p><strong>57 %<\/strong> <strong>des Allemands sont favorables au refoulement \u00e0 la fronti\u00e8re des demandeurs d&rsquo;asile sans papiers valides.<\/strong><\/p>\n<p>Sondage Die Welt, janvier 2025.<\/p>\n","protected":false},"excerpt":{"rendered":"La file de voitures serpente sur plus d&rsquo;un kilom\u00e8tre. Coups de klaxon d&rsquo;automobilistes exc\u00e9d\u00e9s, ronflement des moteurs, invectives\u2026&hellip;\n","protected":false},"author":2,"featured_media":275071,"comment_status":"","ping_status":"","sticky":false,"template":"","format":"standard","meta":{"footnotes":""},"categories":[1587],"tags":[11,672,1804,1805,1803,1777,674,1801,12,1802],"class_list":{"0":"post-275070","1":"post","2":"type-post","3":"status-publish","4":"format-standard","5":"has-post-thumbnail","7":"category-allemagne","8":"tag-actualites","9":"tag-allemagne","10":"tag-bundesrepublik-deutschland","11":"tag-de","12":"tag-deutschland","13":"tag-eu","14":"tag-europe","15":"tag-germany","16":"tag-news","17":"tag-republique-federale-dallemagne"},"share_on_mastodon":{"url":"https:\/\/pubeurope.com\/@fr\/114919283352988639","error":""},"_links":{"self":[{"href":"https:\/\/www.europesays.com\/fr\/wp-json\/wp\/v2\/posts\/275070","targetHints":{"allow":["GET"]}}],"collection":[{"href":"https:\/\/www.europesays.com\/fr\/wp-json\/wp\/v2\/posts"}],"about":[{"href":"https:\/\/www.europesays.com\/fr\/wp-json\/wp\/v2\/types\/post"}],"author":[{"embeddable":true,"href":"https:\/\/www.europesays.com\/fr\/wp-json\/wp\/v2\/users\/2"}],"replies":[{"embeddable":true,"href":"https:\/\/www.europesays.com\/fr\/wp-json\/wp\/v2\/comments?post=275070"}],"version-history":[{"count":0,"href":"https:\/\/www.europesays.com\/fr\/wp-json\/wp\/v2\/posts\/275070\/revisions"}],"wp:featuredmedia":[{"embeddable":true,"href":"https:\/\/www.europesays.com\/fr\/wp-json\/wp\/v2\/media\/275071"}],"wp:attachment":[{"href":"https:\/\/www.europesays.com\/fr\/wp-json\/wp\/v2\/media?parent=275070"}],"wp:term":[{"taxonomy":"category","embeddable":true,"href":"https:\/\/www.europesays.com\/fr\/wp-json\/wp\/v2\/categories?post=275070"},{"taxonomy":"post_tag","embeddable":true,"href":"https:\/\/www.europesays.com\/fr\/wp-json\/wp\/v2\/tags?post=275070"}],"curies":[{"name":"wp","href":"https:\/\/api.w.org\/{rel}","templated":true}]}}