{"id":275074,"date":"2025-07-26T11:25:09","date_gmt":"2025-07-26T11:25:09","guid":{"rendered":"https:\/\/www.europesays.com\/fr\/275074\/"},"modified":"2025-07-26T11:25:09","modified_gmt":"2025-07-26T11:25:09","slug":"le-chantage-du-premier-ministre-hongrois-viktor-orban","status":"publish","type":"post","link":"https:\/\/www.europesays.com\/fr\/275074\/","title":{"rendered":"le chantage du Premier ministre hongrois Viktor Orban"},"content":{"rendered":"<p>Le Premier ministre hongrois pose un ultimatum \u00e0 l&rsquo;Union europ\u00e9enne et exige le d\u00e9blocage des fonds gel\u00e9s par Bruxelles en \u00e9change de son vote pour valider le budget pluriannuel de l&rsquo;UE.<\/p>\n<p>Le Premier ministre hongrois Viktor Orban a d\u00e9clar\u00e9 samedi que son gouvernement ne soutiendrait pas le prochain budget pluriannuel de l&rsquo;Union europ\u00e9enne tant que Bruxelles ne d\u00e9bloquera pas l&rsquo;ensemble des fonds europ\u00e9ens gel\u00e9s.<\/p>\n<blockquote class=\"embed embed_quote\"><p>\u00ab\u00a0L&rsquo;approbation du nouveau budget de sept ans n\u00e9cessite l&rsquo;unanimit\u00e9 et tant que nous n&rsquo;aurons pas r\u00e9cup\u00e9r\u00e9 les fonds restants, il n&rsquo;y aura pas de nouveau budget europ\u00e9en\u00a0\u00bb, a affirm\u00e9 Viktor Orban lors d&rsquo;un discours \u00e0 l&rsquo;universit\u00e9 d&rsquo;\u00e9t\u00e9 de Baile Tusnad, en Transylvanie roumaine, o\u00f9 r\u00e9side une importante communaut\u00e9 magyare.<\/p><\/blockquote>\n<p>Querelles \u00e0 r\u00e9p\u00e9tition<\/p>\n<p>Depuis quinze ans, le dirigeant nationaliste est <a href=\"https:\/\/www.bfmtv.com\/economie\/entreprises\/defense\/aide-a-l-ukraine-viktor-orban-le-caillou-dans-la-chaussure-de-l-union-europeenne_AV-202402030266.html\" title=\"Aide \u00e0 l\u2019Ukraine : Viktor Orban, le caillou dans la chaussure de l\u2019Union europ\u00e9enne\" class=\"internal_link\" rel=\"nofollow noopener\" target=\"_blank\">en conflit avec Bruxelles<\/a> sur ses politiques migratoires, la restriction des droits LGBTQ et ce que ses d\u00e9tracteurs qualifient d&rsquo;\u00e9rosion de la d\u00e9mocratie en Hongrie. L&rsquo;Union europ\u00e9enne a suspendu plusieurs milliards d&rsquo;euros de fonds destin\u00e9s \u00e0 Budapest dans le cadre d&rsquo;un diff\u00e9rend sur l&rsquo;\u00c9tat de droit.<\/p>\n<p>Viktor Orban a \u00e9galement accus\u00e9 l&rsquo;UE de vouloir installer un \u00ab\u00a0gouvernement pro-Ukraine et pro-Bruxelles\u00a0\u00bb en Hongrie lors des \u00e9lections nationales de l&rsquo;an prochain. Selon lui, la direction actuelle de l&rsquo;Union m\u00e8ne le bloc vers une guerre commerciale que l&rsquo;Europe \u00ab\u00a0ne peut pas gagner\u00a0\u00bb.<\/p>\n<blockquote class=\"embed embed_quote\"><p>\u00ab\u00a0La direction actuelle de l&rsquo;UE sera toujours la derni\u00e8re \u00e0 signer des accords avec les \u00c9tats-Unis, et toujours les plus mauvais accords\u00a0\u00bb, a-t-il ajout\u00e9, appelant \u00e0 un changement de leadership.<\/p><\/blockquote>\n<p>La pr\u00e9sidente de la Commission europ\u00e9enne Ursula von der Leyen <a href=\"https:\/\/www.bfmtv.com\/economie\/international\/la-rencontre-de-la-derniere-chance-ursula-von-der-leyen-annonce-qu-elle-va-aller-voir-donald-trump-dimanche-en-ecosse_AD-202507250456.html\" title=\"La rencontre de la derni\u00e8re chance? Ursula Von der Leyen annonce qu&#039;elle va aller voir Donald Trump dimanche en \u00c9cosse\" class=\"internal_link\" rel=\"nofollow noopener\" target=\"_blank\">doit rencontrer le pr\u00e9sident am\u00e9ricain Donald Trump dimanche<\/a> en \u00c9cosse, alors que des responsables europ\u00e9ens esp\u00e8rent conclure un accord-cadre commercial ce week-end.<\/p>\n<p>Le casse-t\u00eate du budget europ\u00e9en<\/p>\n<p>D\u00e9but juillet, la Commission europ\u00e9enne a propos\u00e9 <a href=\"https:\/\/www.bfmtv.com\/economie\/l-ue-propose-un-budget-en-nette-hausse-de-2-000-milliards-d-euros-sur-sept-ans-la-contribution-de-la-france-reevaluee-a-la-baisse_AD-202507160595.html\" title=\"L&#039;UE propose un budget en nette hausse, de 2.000 milliards d&#039;euros sur sept ans, la contribution de la France r\u00e9\u00e9valu\u00e9e \u00e0 la baisse\" class=\"internal_link\" rel=\"nofollow noopener\" target=\"_blank\">un budget de 2.000 milliards d&rsquo;euros pour la p\u00e9riode 2028-2034<\/a>, avec un accent mis sur la comp\u00e9titivit\u00e9 \u00e9conomique et la d\u00e9fense. Viktor Orban accuse les \u00ab\u00a0bureaucrates mondialistes\u00a0\u00bb de vouloir \u00ab\u00a0aspirer l&rsquo;argent de l&rsquo;Europe vers l&rsquo;Ukraine\u00a0\u00bb, tandis que \u00ab\u00a0nos agriculteurs se l\u00e8vent pour d\u00e9fendre leur avenir\u00a0\u00bb.<\/p>\n<p>Les n\u00e9gociations budg\u00e9taires figurent parmi les plus sensibles au sein de l&rsquo;UE, r\u00e9v\u00e9lant les clivages politiques et \u00e9conomiques entre \u00c9tats membres.<\/p>\n<p>Vainqueur des quatre derni\u00e8res \u00e9lections, Orban fait face \u00e0 un nouvel adversaire de poids en 2026. Le parti Tisza, dirig\u00e9 par son principal rival, devance le Fidesz dans la plupart des sondages, sur fond de stagnation \u00e9conomique. Viktor Orban s&rsquo;est toutefois montr\u00e9 confiant ce dimanche, affirmant que selon les donn\u00e9es internes de son parti, le Fidesz l&#8217;emporterait dans 80 des 106 circonscriptions si les \u00e9lections avaient lieu dimanche.<\/p>\n","protected":false},"excerpt":{"rendered":"Le Premier ministre hongrois pose un ultimatum \u00e0 l&rsquo;Union europ\u00e9enne et exige le d\u00e9blocage des fonds gel\u00e9s par&hellip;\n","protected":false},"author":2,"featured_media":275075,"comment_status":"","ping_status":"","sticky":false,"template":"","format":"standard","meta":{"footnotes":""},"categories":[1586],"tags":[11,1777,674,1779,1011,27,12,25,1778,364],"class_list":{"0":"post-275074","1":"post","2":"type-post","3":"status-publish","4":"format-standard","5":"has-post-thumbnail","7":"category-europe","8":"tag-actualites","9":"tag-eu","10":"tag-europe","11":"tag-european-union","12":"tag-fr","13":"tag-france","14":"tag-news","15":"tag-republique-francaise","16":"tag-ue","17":"tag-union-europeenne"},"share_on_mastodon":{"url":"https:\/\/pubeurope.com\/@fr\/114919291313263643","error":""},"_links":{"self":[{"href":"https:\/\/www.europesays.com\/fr\/wp-json\/wp\/v2\/posts\/275074","targetHints":{"allow":["GET"]}}],"collection":[{"href":"https:\/\/www.europesays.com\/fr\/wp-json\/wp\/v2\/posts"}],"about":[{"href":"https:\/\/www.europesays.com\/fr\/wp-json\/wp\/v2\/types\/post"}],"author":[{"embeddable":true,"href":"https:\/\/www.europesays.com\/fr\/wp-json\/wp\/v2\/users\/2"}],"replies":[{"embeddable":true,"href":"https:\/\/www.europesays.com\/fr\/wp-json\/wp\/v2\/comments?post=275074"}],"version-history":[{"count":0,"href":"https:\/\/www.europesays.com\/fr\/wp-json\/wp\/v2\/posts\/275074\/revisions"}],"wp:featuredmedia":[{"embeddable":true,"href":"https:\/\/www.europesays.com\/fr\/wp-json\/wp\/v2\/media\/275075"}],"wp:attachment":[{"href":"https:\/\/www.europesays.com\/fr\/wp-json\/wp\/v2\/media?parent=275074"}],"wp:term":[{"taxonomy":"category","embeddable":true,"href":"https:\/\/www.europesays.com\/fr\/wp-json\/wp\/v2\/categories?post=275074"},{"taxonomy":"post_tag","embeddable":true,"href":"https:\/\/www.europesays.com\/fr\/wp-json\/wp\/v2\/tags?post=275074"}],"curies":[{"name":"wp","href":"https:\/\/api.w.org\/{rel}","templated":true}]}}