{"id":275084,"date":"2025-07-26T11:31:12","date_gmt":"2025-07-26T11:31:12","guid":{"rendered":"https:\/\/www.europesays.com\/fr\/275084\/"},"modified":"2025-07-26T11:31:12","modified_gmt":"2025-07-26T11:31:12","slug":"le-programme-de-lete-est-connu-deux-matchs-prevus-avant-la-reprise","status":"publish","type":"post","link":"https:\/\/www.europesays.com\/fr\/275084\/","title":{"rendered":"le programme de l\u2019\u00e9t\u00e9 est connu, deux matchs pr\u00e9vus avant la reprise"},"content":{"rendered":"<p>Le Stade Toulousain entend parquer l\u2019histoire et marcher sur les traces de la g\u00e9n\u00e9ration des Emile Ntamack et Didier Lacroix. La saison prochaine, la bande d\u2019Ugo Mola a l\u2019occasion unique d\u2019\u00e9galer leurs pr\u00e9d\u00e9cesseurs en devenant la deuxi\u00e8me g\u00e9n\u00e9ration \u00e0 conserver le Bouclier de Brennus quatre ann\u00e9es de rang.<\/p>\n<p>Vannes et Bayonne au programme<\/p>\n<p>Apr\u00e8s un dernier sacre arrach\u00e9 en prolongations face \u00e0 l\u2019Union Bordeaux-B\u00e8gles, les Toulousains ont profit\u00e9 de vacances bien m\u00e9rit\u00e9es. Alors que la reprise est programm\u00e9e d\u00e9bute ao\u00fbt, les co\u00e9quipiers de Thomas Ramos auront deux matchs amicaux en vue avant la reprise du Top 14 le week-end du 6 septembre.<\/p>\n<p>Apr\u00e8s un stage dans les C\u00f4tes d\u2019Armor, les Toulousains se rendront ainsi au Roudourou le vendredi 22 ao\u00fbt. Dans l\u2019antre de l\u2019En Avant Guingamp, le Stade d\u00e9fiera Vannes pour un match de gala. Une semaine plus tard, les hommes d\u2019Ugo Mola seront sur la c\u00f4te basque le jeudi 28 ao\u00fbt pour affronter l\u2019Aviron Bayonnais \u00e0 Jean-Dauger. Un remake de la derni\u00e8re demi-finale de Top 14 en guise d\u2019ultime r\u00e9p\u00e9tition avant le d\u00e9placement \u00e0 Clermont lors de la premi\u00e8re journ\u00e9e.<\/p>\n<blockquote class=\"twitter-tweet\">\n<p dir=\"ltr\" lang=\"fr\">Le <a href=\"https:\/\/twitter.com\/StadeToulousain?ref_src=twsrc%5Etfw\" rel=\"nofollow noopener\" target=\"_blank\">@StadeToulousain<\/a> et le <a href=\"https:\/\/twitter.com\/RugbyClubVannes?ref_src=twsrc%5Etfw\" rel=\"nofollow noopener\" target=\"_blank\">@RugbyClubVannes<\/a> se retrouveront le jeudi 21 ao\u00fbt \u00e0 19h pour un match de pr\u00e9-saison au Stade de Roudourou \u00e0 Guingamp \ud83d\ude4c<\/p>\n<p>Un magnifique \u00e9v\u00e8nement pour toute la Bretagne \u26aa\ufe0f\u26ab\ufe0f<\/p>\n<p>Nous vous donnerons toutes les informations billetterie tr\u00e8s prochainement \ud83c\udf9f\ufe0f <a href=\"https:\/\/t.co\/7Jl9AIO1tB\" rel=\"nofollow\">pic.twitter.com\/7Jl9AIO1tB<\/a><\/p>\n<p>\u2014 Rugby Club Vannes (@RugbyClubVannes) <a href=\"https:\/\/twitter.com\/RugbyClubVannes\/status\/1943696990195302846?ref_src=twsrc%5Etfw\" rel=\"nofollow noopener\" target=\"_blank\">July 11, 2025<\/a><\/p>\n<\/blockquote>\n<p>Partagez cette info avec vos amis et vos proches en cliquant ici<br \/>Pour r\u00e9sumer<\/p>\n<p>Le Stade Toulousain va d\u00e9buter sa pr\u00e9paration en vue de la reprise de la saison de Top 14, programm\u00e9e le week-end du 6 septembre. Deux matchs sont au programme pour les champions de France en titre, face \u00e0 Vannes puis Bayonne.<\/p>\n<p> <img decoding=\"async\" width=\"76\" height=\"76\" loading=\"lazy\" src=\"https:\/\/www.europesays.com\/fr\/wp-content\/uploads\/2025\/04\/avatar-quinze.png\" alt=\"Arnaud D\u00e9chelotte\"\/><script async src=\"https:\/\/platform.twitter.com\/widgets.js\" charset=\"utf-8\"><\/script><\/p>\n","protected":false},"excerpt":{"rendered":"Le Stade Toulousain entend parquer l\u2019histoire et marcher sur les traces de la g\u00e9n\u00e9ration des Emile Ntamack et&hellip;\n","protected":false},"author":2,"featured_media":275085,"comment_status":"","ping_status":"","sticky":false,"template":"","format":"standard","meta":{"footnotes":""},"categories":[1416],"tags":[1011,27,479,1468,60],"class_list":{"0":"post-275084","1":"post","2":"type-post","3":"status-publish","4":"format-standard","5":"has-post-thumbnail","7":"category-rugby","8":"tag-fr","9":"tag-france","10":"tag-rugby","11":"tag-rugby-football","12":"tag-sports"},"share_on_mastodon":{"url":"https:\/\/pubeurope.com\/@fr\/114919314858221858","error":""},"_links":{"self":[{"href":"https:\/\/www.europesays.com\/fr\/wp-json\/wp\/v2\/posts\/275084","targetHints":{"allow":["GET"]}}],"collection":[{"href":"https:\/\/www.europesays.com\/fr\/wp-json\/wp\/v2\/posts"}],"about":[{"href":"https:\/\/www.europesays.com\/fr\/wp-json\/wp\/v2\/types\/post"}],"author":[{"embeddable":true,"href":"https:\/\/www.europesays.com\/fr\/wp-json\/wp\/v2\/users\/2"}],"replies":[{"embeddable":true,"href":"https:\/\/www.europesays.com\/fr\/wp-json\/wp\/v2\/comments?post=275084"}],"version-history":[{"count":0,"href":"https:\/\/www.europesays.com\/fr\/wp-json\/wp\/v2\/posts\/275084\/revisions"}],"wp:featuredmedia":[{"embeddable":true,"href":"https:\/\/www.europesays.com\/fr\/wp-json\/wp\/v2\/media\/275085"}],"wp:attachment":[{"href":"https:\/\/www.europesays.com\/fr\/wp-json\/wp\/v2\/media?parent=275084"}],"wp:term":[{"taxonomy":"category","embeddable":true,"href":"https:\/\/www.europesays.com\/fr\/wp-json\/wp\/v2\/categories?post=275084"},{"taxonomy":"post_tag","embeddable":true,"href":"https:\/\/www.europesays.com\/fr\/wp-json\/wp\/v2\/tags?post=275084"}],"curies":[{"name":"wp","href":"https:\/\/api.w.org\/{rel}","templated":true}]}}