{"id":275086,"date":"2025-07-26T11:32:10","date_gmt":"2025-07-26T11:32:10","guid":{"rendered":"https:\/\/www.europesays.com\/fr\/275086\/"},"modified":"2025-07-26T11:32:10","modified_gmt":"2025-07-26T11:32:10","slug":"anna-kalinskaya-emma-raducanu-wta-500-washington-demi-finales-samedi-26-juillet-2025-lequipe","status":"publish","type":"post","link":"https:\/\/www.europesays.com\/fr\/275086\/","title":{"rendered":"Anna Kalinskaya &#8211; Emma Raducanu, WTA 500, Washington, Demi-finales, Samedi 26 juillet 2025 &#8211; L&#039;\u00c9quipe"},"content":{"rendered":"<ol>\n<li><a href=\"https:\/\/news.google.com\/rss\/articles\/CBMixgFBVV95cUxNUnR2ejdNVEVvc0c2SVMtbGtoa0lja205QTJnbGNqMUpLcjMyOEc1YzJfSlA0SFg1cTA4UkVodDJ3bXhoajFWamw4dTdiVXVTMDg0TlNucG5fbGZWSEVvbVNsX0I5cUxKb0tuOGZQMGw1R0czQ2lKOXBGLWR6dzhBcl9ycVdPd1VBYVJXRHc1Sm1ZaDBPRHhOVEh4TVBQYUlMcWNPdF9Mc19kajhnU2lyVzFPajJlemVMTGExVjFneElxRnBNc0E?oc=5\" target=\"_blank\" rel=\"nofollow noopener\">Anna Kalinskaya &#8211; Emma Raducanu, WTA 500, Washington, Demi-finales, Samedi 26 juillet 2025<\/a>&nbsp;&nbsp;L&rsquo;\u00c9quipe<\/li>\n<li><a href=\"https:\/\/news.google.com\/rss\/articles\/CBMi_AFBVV95cUxPVk5JTjV1Z3g3T0hjaHpWa1otZjhwMWhSWGlPbGdmQlZvTDg0Nzh3TTlGclBRLVhydEVQVEhOUjdkdjVmSW1GcC1YcXpidC15cnlqNHZ5QkxPcnE1LVZ1bUhjTmFaRnpZUTVzal9EQlhxU1laSFVKNWdpVW54NlVPczY5RzkxZnBlaE5MZ2dSdWlzNUNPbjFvU1VfUzVhUHR3ZFBhRTVLUndIMDZ0T3ppRDFDOXhQVDZfTUVSTVk3bjgtNkFldi1uWHhwUHJxenBtajZ2TV91Uk9lbUNlQUZHczA2REJKM01iRjlSQU1uLXIwcm13Snh6TGptMm8?oc=5\" target=\"_blank\" rel=\"nofollow noopener\">\u00ab\u00a0Je n&rsquo;avais plus de jus\u00a0\u00bb : Venus Williams stopp\u00e9e net par Magdalena Frech en huiti\u00e8mes de finale<\/a>&nbsp;&nbsp;Eurosport<\/li>\n<li><a href=\"https:\/\/news.google.com\/rss\/articles\/CBMilgFBVV95cUxPTnFLTllFSzFSTFVEUjd0TE81V1htdVltWmZWa21fa29Mb2RHZFJ2MlFiVmNXXzJySUFvYUZ1UXE2Y1NpOWlZX0pFZExUYWttc2hKUzhhUVdadVVZOVNMbTdFaWxqWDhjSTMwVjJyTHlIbDN0MUJpV1pDUEdkUHJ2ME1Yd0RtWmVnZGNmZkUwZG5WYzI5dlE?oc=5\" target=\"_blank\" rel=\"nofollow noopener\">Tennis: le retour de Venus Williams<\/a>&nbsp;&nbsp;Le fran\u00e7ais facile avec RFI<\/li>\n<li><a href=\"https:\/\/news.google.com\/rss\/articles\/CBMihAJBVV95cUxNdUh2Q0RlNTdVbm1wTGRtcDQ5T0pnRE55ZjI5cjE5Mi0zMVM2NGhTQ3VQbVpNdy1MejYyRlI4WDR4enZkUGdoSTFTek5hYjdVTHBwUWtYNi1NeWZabnNHTnNLQTRCV3dQclhmMjlUNHNLQkg2ei1fRDBCZXNfZ2NxNDRPeXllRE9iS182WHl0OGxhSG0wWFhVV3FxU1BSU2syVUNDUEc1XzVaNW5lRThGUTJQQUNrN1QtZnBwb1lSckQ5dV9TaG44ZDhOWk85NncyNHJnLUxGakJPQmE0aGtLWkczYTBWS3NRd2RhX3dxTFVoZFluZDBsYUh3MDBBLTVjSmVYaA?oc=5\" target=\"_blank\" rel=\"nofollow noopener\">[Podcasts] Le d\u00e9bat cach\u00e9 : Le retour de Venus Williams est-il g\u00e9nial ou catastrophique ? &#8211; 26\/07<\/a>&nbsp;&nbsp;RMC Sport<\/li>\n<\/ol>\n","protected":false},"excerpt":{"rendered":"Anna Kalinskaya &#8211; Emma Raducanu, WTA 500, Washington, Demi-finales, Samedi 26 juillet 2025&nbsp;&nbsp;L&rsquo;\u00c9quipe \u00ab\u00a0Je n&rsquo;avais plus de jus\u00a0\u00bb&hellip;\n","protected":false},"author":2,"featured_media":1983,"comment_status":"","ping_status":"","sticky":false,"template":"","format":"standard","meta":{"footnotes":""},"categories":[1415],"tags":[1011,27,60,1467],"class_list":{"0":"post-275086","1":"post","2":"type-post","3":"status-publish","4":"format-standard","5":"has-post-thumbnail","7":"category-tennis","8":"tag-fr","9":"tag-france","10":"tag-sports","11":"tag-tennis"},"share_on_mastodon":{"url":"https:\/\/pubeurope.com\/@fr\/114919318652809835","error":""},"_links":{"self":[{"href":"https:\/\/www.europesays.com\/fr\/wp-json\/wp\/v2\/posts\/275086","targetHints":{"allow":["GET"]}}],"collection":[{"href":"https:\/\/www.europesays.com\/fr\/wp-json\/wp\/v2\/posts"}],"about":[{"href":"https:\/\/www.europesays.com\/fr\/wp-json\/wp\/v2\/types\/post"}],"author":[{"embeddable":true,"href":"https:\/\/www.europesays.com\/fr\/wp-json\/wp\/v2\/users\/2"}],"replies":[{"embeddable":true,"href":"https:\/\/www.europesays.com\/fr\/wp-json\/wp\/v2\/comments?post=275086"}],"version-history":[{"count":0,"href":"https:\/\/www.europesays.com\/fr\/wp-json\/wp\/v2\/posts\/275086\/revisions"}],"wp:featuredmedia":[{"embeddable":true,"href":"https:\/\/www.europesays.com\/fr\/wp-json\/wp\/v2\/media\/1983"}],"wp:attachment":[{"href":"https:\/\/www.europesays.com\/fr\/wp-json\/wp\/v2\/media?parent=275086"}],"wp:term":[{"taxonomy":"category","embeddable":true,"href":"https:\/\/www.europesays.com\/fr\/wp-json\/wp\/v2\/categories?post=275086"},{"taxonomy":"post_tag","embeddable":true,"href":"https:\/\/www.europesays.com\/fr\/wp-json\/wp\/v2\/tags?post=275086"}],"curies":[{"name":"wp","href":"https:\/\/api.w.org\/{rel}","templated":true}]}}