{"id":275089,"date":"2025-07-26T11:35:11","date_gmt":"2025-07-26T11:35:11","guid":{"rendered":"https:\/\/www.europesays.com\/fr\/275089\/"},"modified":"2025-07-26T11:35:11","modified_gmt":"2025-07-26T11:35:11","slug":"deux-spectateurs-tues-et-un-blesse-grave-lors-dune-sortie-de-route-dans-le-puy-de-dome","status":"publish","type":"post","link":"https:\/\/www.europesays.com\/fr\/275089\/","title":{"rendered":"deux spectateurs tu\u00e9s et un bless\u00e9 grave lors d&rsquo;une sortie de route dans le Puy-de-D\u00f4me"},"content":{"rendered":"<p>Deux spectateurs sont morts samedi lors du rallye automobile de la Fourme, organis\u00e9 dans le Puy-de-D\u00f4me, percut\u00e9s par une voiture qui a fait une sortie de route.<\/p>\n<p class=\"fig-paragraph\">Deux spectateurs sont morts samedi lors du rallye automobile de la Fourme, organis\u00e9 dans le Puy-de-D\u00f4me, percut\u00e9s par une voiture qui a fait une sortie de route. Une troisi\u00e8me personne, qui assistait \u00e9galement \u00e0 la course, a \u00e9t\u00e9 gri\u00e8vement bless\u00e9e et a \u00e9t\u00e9 transport\u00e9e \u00e0 l&rsquo;h\u00f4pital, a indiqu\u00e9 la pr\u00e9fecture, confirmant une information de Ici Pays d&rsquo;Auvergne et La Montagne.<\/p>\n<p class=\"fig-paragraph\">\u00abPlusieurs personnes\u00bb pr\u00e9sentes au moment de l\u2019accident ont \u00e9t\u00e9 \u00abchoqu\u00e9es\u00bb et prises en charge.<\/p>\n<p>                                    <a class=\"fig-a11y-skip a11y-hidden\" href=\"#fig-a11y-skip-main-inarticle\"><br \/>\n        Passer la publicit\u00e9<br \/>\n    <\/a><\/p>\n<p class=\"fig-paragraph\">Les faits se sont d\u00e9roul\u00e9s aux alentours de 10 heures, vers la commune d\u2019Ambert, dans l\u2019est du d\u00e9partement. Le pr\u00e9fet du Puy-de-D\u00f4me se rendait sur place en milieu de journ\u00e9e et un point avec la presse \u00e9tait pr\u00e9vu vers 14 heures.<\/p>\n","protected":false},"excerpt":{"rendered":"Deux spectateurs sont morts samedi lors du rallye automobile de la Fourme, organis\u00e9 dans le Puy-de-D\u00f4me, percut\u00e9s par&hellip;\n","protected":false},"author":2,"featured_media":275090,"comment_status":"","ping_status":"","sticky":false,"template":"","format":"standard","meta":{"footnotes":""},"categories":[1412],"tags":[1451,1452,1453,1454,1455,1011,27,28785,60],"class_list":{"0":"post-275089","1":"post","2":"type-post","3":"status-publish","4":"format-standard","5":"has-post-thumbnail","7":"category-f1","8":"tag-f1","9":"tag-formula-1","10":"tag-formula1","11":"tag-formule-1","12":"tag-formule1","13":"tag-fr","14":"tag-france","15":"tag-rallye","16":"tag-sports"},"share_on_mastodon":{"url":"https:\/\/pubeurope.com\/@fr\/114919330545937063","error":""},"_links":{"self":[{"href":"https:\/\/www.europesays.com\/fr\/wp-json\/wp\/v2\/posts\/275089","targetHints":{"allow":["GET"]}}],"collection":[{"href":"https:\/\/www.europesays.com\/fr\/wp-json\/wp\/v2\/posts"}],"about":[{"href":"https:\/\/www.europesays.com\/fr\/wp-json\/wp\/v2\/types\/post"}],"author":[{"embeddable":true,"href":"https:\/\/www.europesays.com\/fr\/wp-json\/wp\/v2\/users\/2"}],"replies":[{"embeddable":true,"href":"https:\/\/www.europesays.com\/fr\/wp-json\/wp\/v2\/comments?post=275089"}],"version-history":[{"count":0,"href":"https:\/\/www.europesays.com\/fr\/wp-json\/wp\/v2\/posts\/275089\/revisions"}],"wp:featuredmedia":[{"embeddable":true,"href":"https:\/\/www.europesays.com\/fr\/wp-json\/wp\/v2\/media\/275090"}],"wp:attachment":[{"href":"https:\/\/www.europesays.com\/fr\/wp-json\/wp\/v2\/media?parent=275089"}],"wp:term":[{"taxonomy":"category","embeddable":true,"href":"https:\/\/www.europesays.com\/fr\/wp-json\/wp\/v2\/categories?post=275089"},{"taxonomy":"post_tag","embeddable":true,"href":"https:\/\/www.europesays.com\/fr\/wp-json\/wp\/v2\/tags?post=275089"}],"curies":[{"name":"wp","href":"https:\/\/api.w.org\/{rel}","templated":true}]}}