{"id":275091,"date":"2025-07-26T11:36:11","date_gmt":"2025-07-26T11:36:11","guid":{"rendered":"https:\/\/www.europesays.com\/fr\/275091\/"},"modified":"2025-07-26T11:36:11","modified_gmt":"2025-07-26T11:36:11","slug":"tdf-tour-de-france-fedorov-malade-deuxieme-abandon-pour-lequipe-xds-astana","status":"publish","type":"post","link":"https:\/\/www.europesays.com\/fr\/275091\/","title":{"rendered":"TDF. Tour de France &#8211; Fedorov malade&#8230; deuxi\u00e8me abandon pour l&rsquo;\u00e9quipe XDS Astana"},"content":{"rendered":"<p><strong>Yevgeniy Fedorov<\/strong> ne verra pas Paris.\u00a0A deux \u00e9tape du terme de ce <strong><a href=\"https:\/\/www.cyclismactu.net\/..\/news-tour-de-france-route-le-peloton-du-tour-de-france-2025-24-coureurs-ont-abandonne-88207.html\" target=\"_blank\" rel=\"nofollow noopener\">Tour de France<\/a><\/strong> et \u00e0 la veille de rallier la capitale et son arriv\u00e9e sur l\u2019avenue des Champs-\u00c9lys\u00e9es, le double champion du\u00a0Kazakhstan a \u00e9t\u00e9 contraint d&rsquo;abandonner et ne prendra pas le d\u00e9part ce samedi de la 20e \u00e9tape entre Nantua et Pontarlier. Comme indiqu\u00e9 par son \u00e9quipe <strong>XDS Astana<\/strong> dans un communiqu\u00e9, le coureur de 25 ans est malade et doit se retirer \u00ab\u00a0en raison d&rsquo;une infection intestinale\u00a0\u00bb.\u00a0<strong>Yevgeniy Fedorov<\/strong> avait notamment sign\u00e9 un top 10 au sprint \u00e0 Valence mercredi, dans le final chaotique de la 17e \u00e9tape. C&rsquo;est le 24e abandon de cette 112e \u00e9dition.<\/p>\n<p>Vid\u00e9o &#8211; On n&rsquo;a pas beaucoup vu l&rsquo;\u00e9quipe de Vinokourov sur ce Tour Lire la suite de l&rsquo;article&#13;<\/p>\n<p>\u00a0<\/p>\n<p>&#13;<br \/>\nUn Tour de France fam\u00e9lique pour l&rsquo;\u00e9quipe XDS Astana&#13;<\/p>\n<p>C&rsquo;est le deuxi\u00e8me abandon pour la formation dirig\u00e9e par <strong><a href=\"https:\/\/www.cyclismactu.net\/..\/news-tour-de-france-route-alexandre-vinokourov-on-est-la-pour-recolter-des-points-uci-88731.html\" target=\"_blank\" rel=\"nofollow noopener\">Alexandre Vinokourov<\/a><\/strong>, plus d&rsquo;une semaine apr\u00e8s celui de son sprinteur <strong><a href=\"https:\/\/www.cyclismactu.net\/..\/news-tour-de-france-route-malade-cees-bol-abandonne-routes-du-tour-de-france-89013.html\" target=\"_blank\" rel=\"nofollow noopener\">Cees Bol<\/a><\/strong> avant d&rsquo;aborder les Pyr\u00e9n\u00e9es, lui aussi sur maladie. L&rsquo;\u00e9quipe kazakhe continuera donc cette Grande Boucle \u00e0 6 et cherchera ce week-end \u00e0 sauver un bilan jusqu&rsquo;ici assez pauvre sur ces trois semaines de course. Etincelante sur tout le calendrier depuis quelques mois pour \u00e9viter la rel\u00e9gation du WorldTour,\u00a0la 4e formation mondiale en 2025 a \u00e9t\u00e9 transparente sur les routes fran\u00e7aises compar\u00e9 au reste de l&rsquo;ann\u00e9e, avec seulement trois top 10 dont un seul top 5 d&rsquo;\u00e9tape (glan\u00e9 par Davide Ballerrini) en 19 jours, et une 15e place provisoire au g\u00e9n\u00e9ral avec <strong>Sergio Higuita<\/strong>. <strong>Cl\u00e9ment Champoussin<\/strong>,\u00a0<strong>Simone Velasco<\/strong> et consorts auront encore une derni\u00e8re belle opportunit\u00e9 de s&rsquo;illustrer ce samedi lors d&rsquo;une 20e \u00e9tape favorable aux baroudeurs.\u00a0<\/p>\n<p>Tour de France &#8211; Classement g\u00e9n\u00e9ral provisoire apr\u00e8s la 19\u00e8 \u00e9tape<\/p>\n","protected":false},"excerpt":{"rendered":"Yevgeniy Fedorov ne verra pas Paris.\u00a0A deux \u00e9tape du terme de ce Tour de France et \u00e0 la&hellip;\n","protected":false},"author":2,"featured_media":275092,"comment_status":"","ping_status":"","sticky":false,"template":"","format":"standard","meta":{"footnotes":""},"categories":[1411],"tags":[1154,207,211,1011,27,209,60,210,212,208,213],"class_list":{"0":"post-275091","1":"post","2":"type-post","3":"status-publish","4":"format-standard","5":"has-post-thumbnail","7":"category-cyclisme","8":"tag-cycling","9":"tag-cyclisme","10":"tag-ffc","11":"tag-fr","12":"tag-france","13":"tag-route","14":"tag-sports","15":"tag-tour-de-france","16":"tag-uci","17":"tag-velo","18":"tag-world-tour"},"share_on_mastodon":{"url":"https:\/\/pubeurope.com\/@fr\/114919334463956015","error":""},"_links":{"self":[{"href":"https:\/\/www.europesays.com\/fr\/wp-json\/wp\/v2\/posts\/275091","targetHints":{"allow":["GET"]}}],"collection":[{"href":"https:\/\/www.europesays.com\/fr\/wp-json\/wp\/v2\/posts"}],"about":[{"href":"https:\/\/www.europesays.com\/fr\/wp-json\/wp\/v2\/types\/post"}],"author":[{"embeddable":true,"href":"https:\/\/www.europesays.com\/fr\/wp-json\/wp\/v2\/users\/2"}],"replies":[{"embeddable":true,"href":"https:\/\/www.europesays.com\/fr\/wp-json\/wp\/v2\/comments?post=275091"}],"version-history":[{"count":0,"href":"https:\/\/www.europesays.com\/fr\/wp-json\/wp\/v2\/posts\/275091\/revisions"}],"wp:featuredmedia":[{"embeddable":true,"href":"https:\/\/www.europesays.com\/fr\/wp-json\/wp\/v2\/media\/275092"}],"wp:attachment":[{"href":"https:\/\/www.europesays.com\/fr\/wp-json\/wp\/v2\/media?parent=275091"}],"wp:term":[{"taxonomy":"category","embeddable":true,"href":"https:\/\/www.europesays.com\/fr\/wp-json\/wp\/v2\/categories?post=275091"},{"taxonomy":"post_tag","embeddable":true,"href":"https:\/\/www.europesays.com\/fr\/wp-json\/wp\/v2\/tags?post=275091"}],"curies":[{"name":"wp","href":"https:\/\/api.w.org\/{rel}","templated":true}]}}