{"id":275097,"date":"2025-07-26T11:39:12","date_gmt":"2025-07-26T11:39:12","guid":{"rendered":"https:\/\/www.europesays.com\/fr\/275097\/"},"modified":"2025-07-26T11:39:12","modified_gmt":"2025-07-26T11:39:12","slug":"a-tours-la-plasticienne-evelyne-plumecocq-peint-une-fresque-pour-le-celebre-pachyderme","status":"publish","type":"post","link":"https:\/\/www.europesays.com\/fr\/275097\/","title":{"rendered":"\u00e0 Tours, la plasticienne \u00c9velyne Plumecocq peint une fresque pour le c\u00e9l\u00e8bre pachyderme"},"content":{"rendered":"<p>\u00c0 Tours, dans son petit local \u00e0 l\u2019entr\u00e9e du mus\u00e9e des Beaux-Arts, Fritz l\u2019\u00e9l\u00e9phant veille. L\u2019\u00e9l\u00e9phant Fritz est une star et pour \u00c9velyne Plumecocq, artiste peintre tourangelle, une star bien esseul\u00e9e.<\/p>\n<p>Vendredi 4\u00a0juillet 2025, une belle surprise attendait les visiteurs dans la cour du Mus\u00e9e des Beaux-Arts\u00a0: Fritz l\u2019\u00e9l\u00e9phant, connu de tous les Tourangeaux ne sera, en effet, plus jamais seul. La plasticienne a d\u00e9cid\u00e9 de peindre une grande fresque intitul\u00e9e Une famille pour Fritz, dans l\u2019espace du pachyderme mythique.<\/p>\n<p>Depuis de nombreuses ann\u00e9es, \u00c9velyne Plumecocq c\u00f4toyait quotidiennement l\u2019animal. \u00ab Je pars \u00e0 la retraite apr\u00e8s plusieurs ann\u00e9es au service \u00e9ducatif des Beaux-Arts et je voulais marquer quelque chose qui compte avant mon d\u00e9part. La joie de peindre \u00e0 l\u2019acrylique et aux pigments sur papier, \u00e0 poser de la couleur, c\u2019est un cadeau pour Fritz, explique celle qui a \u00e9t\u00e9\u00a0m\u00e9diatrice pendant plus de trente\u00a0ans dans\u00a0ce haut lieu de la culture tourangelle. Des g\u00e9n\u00e9rations de Tourangeaux le saluent \u00e0 chaque balade dans le jardin du mus\u00e9e o\u00f9 il tr\u00f4ne, impassible&#8230;. <\/p>\n<p>    Cet article a \u00e9t\u00e9 tronqu\u00e9. Abonnez-vous pour lire l&rsquo;article complet sur notre site.<\/p>\n<p>\u00a0\u00bb<\/p>\n<p style=\"margin: 0 !important; padding: 0 !important; font-size: 12px !important;\">Cet article a \u00e9t\u00e9 tronqu\u00e9. Abonnez-vous pour lire l&rsquo;article complet.<\/p>\n<p>    <a href=\"https:\/\/www.lanouvellerepublique.fr\/abonnements\" style=\"display: inline-block; margin-top: 5px !important; padding: 6px 12px !important; background: #cb1c27; color: white; text-decoration: none; border-radius: 4px; font-size: 12px !important;\" target=\"_blank\" rel=\"noopener\"><br \/>\n      S&rsquo;abonner<br \/>\n    <\/a><\/p>\n","protected":false},"excerpt":{"rendered":"\u00c0 Tours, dans son petit local \u00e0 l\u2019entr\u00e9e du mus\u00e9e des Beaux-Arts, Fritz l\u2019\u00e9l\u00e9phant veille. L\u2019\u00e9l\u00e9phant Fritz est&hellip;\n","protected":false},"author":2,"featured_media":275098,"comment_status":"","ping_status":"","sticky":false,"template":"","format":"standard","meta":{"footnotes":""},"categories":[1358],"tags":[1392,1348,1384,1385,1674,1386,58,59,1011,27,1387,1393,1390],"class_list":{"0":"post-275097","1":"post","2":"type-post","3":"status-publish","4":"format-standard","5":"has-post-thumbnail","7":"category-arts-et-design","8":"tag-a-la-une-local","9":"tag-arts","10":"tag-arts-and-design","11":"tag-arts-et-design","12":"tag-communes","13":"tag-design","14":"tag-divertissement","15":"tag-entertainment","16":"tag-fr","17":"tag-france","18":"tag-indre-et-loire","19":"tag-loisirs","20":"tag-tours"},"share_on_mastodon":{"url":"https:\/\/pubeurope.com\/@fr\/114919346308712980","error":""},"_links":{"self":[{"href":"https:\/\/www.europesays.com\/fr\/wp-json\/wp\/v2\/posts\/275097","targetHints":{"allow":["GET"]}}],"collection":[{"href":"https:\/\/www.europesays.com\/fr\/wp-json\/wp\/v2\/posts"}],"about":[{"href":"https:\/\/www.europesays.com\/fr\/wp-json\/wp\/v2\/types\/post"}],"author":[{"embeddable":true,"href":"https:\/\/www.europesays.com\/fr\/wp-json\/wp\/v2\/users\/2"}],"replies":[{"embeddable":true,"href":"https:\/\/www.europesays.com\/fr\/wp-json\/wp\/v2\/comments?post=275097"}],"version-history":[{"count":0,"href":"https:\/\/www.europesays.com\/fr\/wp-json\/wp\/v2\/posts\/275097\/revisions"}],"wp:featuredmedia":[{"embeddable":true,"href":"https:\/\/www.europesays.com\/fr\/wp-json\/wp\/v2\/media\/275098"}],"wp:attachment":[{"href":"https:\/\/www.europesays.com\/fr\/wp-json\/wp\/v2\/media?parent=275097"}],"wp:term":[{"taxonomy":"category","embeddable":true,"href":"https:\/\/www.europesays.com\/fr\/wp-json\/wp\/v2\/categories?post=275097"},{"taxonomy":"post_tag","embeddable":true,"href":"https:\/\/www.europesays.com\/fr\/wp-json\/wp\/v2\/tags?post=275097"}],"curies":[{"name":"wp","href":"https:\/\/api.w.org\/{rel}","templated":true}]}}