{"id":275099,"date":"2025-07-26T11:40:14","date_gmt":"2025-07-26T11:40:14","guid":{"rendered":"https:\/\/www.europesays.com\/fr\/275099\/"},"modified":"2025-07-26T11:40:14","modified_gmt":"2025-07-26T11:40:14","slug":"giuliano-da-empoli-jaime-lidee-de-pouvoir-vivre-plusieurs-vies","status":"publish","type":"post","link":"https:\/\/www.europesays.com\/fr\/275099\/","title":{"rendered":"Giuliano da\u00a0Empoli: \u00abJ\u2019aime l\u2019id\u00e9e de pouvoir vivre plusieurs vies\u00bb"},"content":{"rendered":"<p>    R\u00e9sum\u00e9 en 20 secondes<\/p>\n<p>        En savoir plus sur ce type de contenu<\/p>\n<p>Ce r\u00e9sum\u00e9 peut avoir \u00e9t\u00e9 \u00e9crit avec l&rsquo;assistance d\u2019une IA g\u00e9n\u00e9rative. <a href=\"https:\/\/www.letemps.ch\/cyber\/l-usage-de-l-ia-generative-par-les-journalistes-du-temps\" target=\"_blank\" rel=\"noopener\">En savoir plus<\/a><\/p>\n<p class=\"article__abstract-call-to-action\" data-ariato=\"TrackableElement\" data-trackable-element-type=\"article_abstract_cta\" data-trackable-element-location=\"article_header\" data-trackable-element-id=\"501421\">\n        <a data-event=\"click-&gt;clicked\" href=\"https:\/\/www.letemps.ch\/abonnements\" target=\"_blank\" rel=\"noopener\">Abonnez-vous<\/a> pour acc\u00e9der au r\u00e9sum\u00e9 en 20 secondes.\n      <\/p>\n<p>Souvent, le succ\u00e8s fait tourner les t\u00eates. Pas celle de Giuliano da Empoli. Le Mage du Kremlin, son premier roman paru en 2022 sur les coulisses du pouvoir russe, a beau s\u2019\u00eatre impos\u00e9 comme un ph\u00e9nom\u00e8ne \u00e9ditorial retentissant dans le monde entier, l\u2019\u00e9crivain conserve un calme imperturbable, voire m\u00eame une distance l\u00e9g\u00e8rement amus\u00e9e. Une sagesse qui trouve peut-\u00eatre sa source dans un parcours marqu\u00e9 tr\u00e8s t\u00f4t par le succ\u00e8s.<\/p>\n<p>Il n\u2019a que 22\u00a0ans lorsqu\u2019il publie son premier essai en Italie, un tableau sans concession des blocages rencontr\u00e9s par sa g\u00e9n\u00e9ration face \u00e0 un syst\u00e8me politique en panne. Encore \u00e9tudiant, il est alors propuls\u00e9 Homme de l\u2019ann\u00e9e par la presse de la P\u00e9ninsule. Il a eu le temps ensuite de d\u00e9couvrir les limites d\u2019un tel coup de projecteur et l\u2019\u00e9ph\u00e9m\u00e8re en toute chose.<\/p>\n","protected":false},"excerpt":{"rendered":"R\u00e9sum\u00e9 en 20 secondes En savoir plus sur ce type de contenu Ce r\u00e9sum\u00e9 peut avoir \u00e9t\u00e9 \u00e9crit&hellip;\n","protected":false},"author":2,"featured_media":275100,"comment_status":"","ping_status":"","sticky":false,"template":"","format":"standard","meta":{"footnotes":""},"categories":[1357],"tags":[1379,58,59,3297,1011,27,1351,1380,301],"class_list":{"0":"post-275099","1":"post","2":"type-post","3":"status-publish","4":"format-standard","5":"has-post-thumbnail","7":"category-livres","8":"tag-books","9":"tag-divertissement","10":"tag-entertainment","11":"tag-entre-temps","12":"tag-fr","13":"tag-france","14":"tag-litterature","15":"tag-livres","16":"tag-premium"},"share_on_mastodon":{"url":"https:\/\/pubeurope.com\/@fr\/114919350253520715","error":""},"_links":{"self":[{"href":"https:\/\/www.europesays.com\/fr\/wp-json\/wp\/v2\/posts\/275099","targetHints":{"allow":["GET"]}}],"collection":[{"href":"https:\/\/www.europesays.com\/fr\/wp-json\/wp\/v2\/posts"}],"about":[{"href":"https:\/\/www.europesays.com\/fr\/wp-json\/wp\/v2\/types\/post"}],"author":[{"embeddable":true,"href":"https:\/\/www.europesays.com\/fr\/wp-json\/wp\/v2\/users\/2"}],"replies":[{"embeddable":true,"href":"https:\/\/www.europesays.com\/fr\/wp-json\/wp\/v2\/comments?post=275099"}],"version-history":[{"count":0,"href":"https:\/\/www.europesays.com\/fr\/wp-json\/wp\/v2\/posts\/275099\/revisions"}],"wp:featuredmedia":[{"embeddable":true,"href":"https:\/\/www.europesays.com\/fr\/wp-json\/wp\/v2\/media\/275100"}],"wp:attachment":[{"href":"https:\/\/www.europesays.com\/fr\/wp-json\/wp\/v2\/media?parent=275099"}],"wp:term":[{"taxonomy":"category","embeddable":true,"href":"https:\/\/www.europesays.com\/fr\/wp-json\/wp\/v2\/categories?post=275099"},{"taxonomy":"post_tag","embeddable":true,"href":"https:\/\/www.europesays.com\/fr\/wp-json\/wp\/v2\/tags?post=275099"}],"curies":[{"name":"wp","href":"https:\/\/api.w.org\/{rel}","templated":true}]}}