{"id":275111,"date":"2025-07-26T11:46:10","date_gmt":"2025-07-26T11:46:10","guid":{"rendered":"https:\/\/www.europesays.com\/fr\/275111\/"},"modified":"2025-07-26T11:46:10","modified_gmt":"2025-07-26T11:46:10","slug":"stephane-bern-avoue-avoir-ete-traumatise-par-sa-participation-a-fort-boyard","status":"publish","type":"post","link":"https:\/\/www.europesays.com\/fr\/275111\/","title":{"rendered":"St\u00e9phane Bern avoue avoir \u00e9t\u00e9 traumatis\u00e9 par sa participation \u00e0 Fort Boyard"},"content":{"rendered":"<p>St\u00e9phane Bern, 60 ans, n\u2019avait encore jamais mis un pied au<br \/>\nl\u00e9gendaire <strong>Fort Boyard.<\/strong> Pourtant, ce samedi 19<br \/>\njuillet 2025, l\u2019animateur iconique a accept\u00e9 de relever le d\u00e9fi<br \/>\npour la premi\u00e8re fois sur France 2. \u00c0 la t\u00eate d\u2019une \u00e9quipe compos\u00e9e<br \/>\ndu nageur Fr\u00e9d\u00e9rick Bousquet, de la journaliste Virginie C\u00e9cilie,<br \/>\nde l\u2019humoriste Marie S\u2019infiltre, du m\u00e9decin et animateur Jimmy<br \/>\nMohamed, et du sportif Th\u00e9o Curin, il a affront\u00e9 les \u00e9preuves<br \/>\nmythiques de l\u2019\u00e9mission au profit de l\u2019association Stand Speak Rise<br \/>\nUp !.<\/p>\n<p>Pour quelles raisons St\u00e9phane Bern n\u00a0\u00bba-t-il pas voulu<br \/>\nparticiper \u00e0 Fort Boyard avant ?<\/p>\n<p>L\u2019\u00e9v\u00e9nement, tr\u00e8s attendu par ses fans, a marqu\u00e9 une \u00e9tape<br \/>\nimportante dans la carri\u00e8re de <a href=\"https:\/\/www.melty.fr\/people\/ma-banquiere-a-des-sueurs-froides-stephane-bern-se-confie-sans-filtre-sur-ses-lourdes-dettes-2246094.html\" rel=\"nofollow noopener\" target=\"_blank\"><br \/>\nSt\u00e9phane Bern,<\/a> lui qui avait toujours refus\u00e9 de participer \u00e0<br \/>\nl\u2019\u00e9mission culte. La raison ? \u00ab\u00a0J\u2019avais peur, tout simplement.<br \/>\nPeur des insectes, peur du vide, peur de tout, en r\u00e9alit\u00e9\u00a0\u00bb,<br \/>\nconfie-t-il en toute transparence \u00e0 nos confr\u00e8res de <a href=\"https:\/\/tvmag.lefigaro.fr\/programme-tv\/ce-soir-tele\/stephane-bern-se-confie-sur-sa-premiere-participation-a-fort-boyard-j-avais-peur-de-tout-20250719\" target=\"_blank\" rel=\"nofollow noopener\">TV Mag.<\/a> Mais<br \/>\ncette fois, il n\u2019a pas pu se d\u00e9filer\u202f: le fort \u00e9tant en pleine<br \/>\n<strong>restauration<\/strong>, une grande campagne de dons a \u00e9t\u00e9<br \/>\nlanc\u00e9e avec la Fondation du Patrimoine.<\/p>\n<p>Impossible pour lui de d\u00e9fendre la cause sans y participer.<br \/>\nAvant d\u2019entrer dans l\u2019ar\u00e8ne du Fort, l\u2019animateur confie avoir \u00e9t\u00e9<br \/>\ncompl\u00e8tement \u00e9puis\u00e9 par son agenda surcharg\u00e9. \u00ab\u00a0Je venais de<br \/>\ncommenter en direct les c\u00e9r\u00e9monies du 8 mai. <strong>On m\u2019a<br \/>\nquasiment encha\u00een\u00e9 dans une voiture<\/strong> avant de me jeter dans<br \/>\ncette aventure\u00a0\u00bb, d\u00e9clare-t-il. Pourtant, il a trouv\u00e9 dans la<br \/>\ncoh\u00e9sion de son \u00e9quipe l\u2019\u00e9nergie n\u00e9cessaire pour se d\u00e9passer.<\/p>\n<p>L&rsquo;animateur se confie sur les coulisses de sa participation au<br \/>\njeu<\/p>\n<p>Une team qu&rsquo;il ne regrette pas ! \u00ab\u00a0Fr\u00e9d\u00e9rick et Th\u00e9o sont des<br \/>\nsportifs incroyables, des forces de la nature. Marie S\u2019infiltre a<br \/>\napport\u00e9 de la bonne humeur, Jimmy Mohamed, un vrai esprit d\u2019\u00e9quipe,<br \/>\net Virginie C\u00e9cilie n\u2019a pas eu peur de se mouiller\u00a0\u00bb.<br \/>\nToutefois, pour lui, l&rsquo;aventure a \u00e9t\u00e9 bien plus difficile <strong>:<br \/>\n\u00ab\u00a0<\/strong><strong>C\u2019\u00e9tait affreux.<\/strong> J\u2019ai \u00e9t\u00e9 mal et<br \/>\nj\u2019ai beaucoup hurl\u00e9 !\u00a0\u00bb, avoue <a href=\"https:\/\/www.melty.fr\/people\/stephane-bern-atteint-dun-virus-incurable-il-se-livre-sur-son-quotidien-cest-douloureux-et-handicapant-2240522.html\" rel=\"nofollow noopener\" target=\"_blank\"><br \/>\nSt\u00e9phane Bern, qui a d\u00fb lutter contre un virus,<\/a> \u00e0 propos des<br \/>\n\u00e9preuves les plus difficiles.<\/p>\n<p>Et il a d\u00fb affronter ses plus grandes phobies : \u00ab\u00a0\u00c0 un<br \/>\nmoment, j\u2019ai d\u00fb affronter des bestioles\u2026 je n\u2019en voulais pas, mais<br \/>\nj\u2019ai pens\u00e9 \u00e0 mon association et j\u2019ai pris sur moi. Je ne vous cache<br \/>\npas que <strong>j\u2019\u00e9tais terroris\u00e9\u00a0\u00bb<\/strong>. Pour l\u2019animateur,<br \/>\nchaque instant a \u00e9t\u00e9 un m\u00e9lange de frissons et d\u2019adr\u00e9naline.<br \/>\n\u00ab\u00a0J\u2019ai d\u00fb remplir un tube d\u2019eau en rampant. Horrible\u202f! Mais<br \/>\nfinalement, je me suis surpris \u00e0 tenir bon\u00a0\u00bb.<\/p>\n<p>St\u00e9phane Bern soutient les travaux du<br \/>\nfort<\/p>\n<p>Malgr\u00e9 tout, il garde un souvenir positif de cette exp\u00e9rience<br \/>\nhors norme. \u00ab\u00a0L\u2019ambiance est unique. Olivier Minne, qui est un<br \/>\nami de longue date, Cyril F\u00e9raud et toute l\u2019\u00e9quipe mettent une<br \/>\n\u00e9nergie incroyable pour nous faire passer un bon moment. <strong>\u00c7a<br \/>\nreste un show festif, malgr\u00e9 les frayeurs\u00a0\u00bb.<\/strong> Au-del\u00e0<br \/>\nde l\u2019aventure t\u00e9l\u00e9visuelle, <a href=\"https:\/\/www.melty.fr\/people\/stephane-bern-endette-ma-banquiere-a-des-sueurs-froides-ses-confidences-sans-filtre-2199988.html\" rel=\"nofollow noopener\" target=\"_blank\"><br \/>\nSt\u00e9phane Bern, endett\u00e9,<\/a> insiste sur l\u2019importance du patrimoine<br \/>\nhistorique du Fort.<\/p>\n<p>En effet, le monument va subir de nombreux travaux : \u00ab\u00a0Quand on<br \/>\nvoit de pr\u00e8s les d\u00e9g\u00e2ts caus\u00e9s par le temps et les d\u00e9r\u00e8glements<br \/>\nclimatiques, on comprend qu\u2019il y a urgence. L\u2019\u00e9rosion de la pierre<br \/>\nest impressionnante\u00a0\u00bb.\u00a0Un projet de r\u00e9novation majeur est en<br \/>\ncours, soutenu par une campagne de dons lanc\u00e9e par la Fondation du<br \/>\nPatrimoine. \u00ab\u00a0C\u2019est un bien commun. Le patrimoine appartient \u00e0<br \/>\ntous, et il faut que tout le monde se sente concern\u00e9. La r\u00e9gion,<br \/>\nl\u2019\u00c9tat, mais aussi le public peuvent participer\u00a0\u00bb.<\/p>\n","protected":false},"excerpt":{"rendered":"St\u00e9phane Bern, 60 ans, n\u2019avait encore jamais mis un pied au l\u00e9gendaire Fort Boyard. Pourtant, ce samedi 19&hellip;\n","protected":false},"author":2,"featured_media":275112,"comment_status":"","ping_status":"","sticky":false,"template":"","format":"standard","meta":{"footnotes":""},"categories":[8],"tags":[905,58,59,15745,1011,27,18875],"class_list":{"0":"post-275111","1":"post","2":"type-post","3":"status-publish","4":"format-standard","5":"has-post-thumbnail","7":"category-divertissement","8":"tag-a-la-une-melty","9":"tag-divertissement","10":"tag-entertainment","11":"tag-fort-boyard","12":"tag-fr","13":"tag-france","14":"tag-stephane-bern"},"share_on_mastodon":{"url":"https:\/\/pubeurope.com\/@fr\/114919373864043955","error":""},"_links":{"self":[{"href":"https:\/\/www.europesays.com\/fr\/wp-json\/wp\/v2\/posts\/275111","targetHints":{"allow":["GET"]}}],"collection":[{"href":"https:\/\/www.europesays.com\/fr\/wp-json\/wp\/v2\/posts"}],"about":[{"href":"https:\/\/www.europesays.com\/fr\/wp-json\/wp\/v2\/types\/post"}],"author":[{"embeddable":true,"href":"https:\/\/www.europesays.com\/fr\/wp-json\/wp\/v2\/users\/2"}],"replies":[{"embeddable":true,"href":"https:\/\/www.europesays.com\/fr\/wp-json\/wp\/v2\/comments?post=275111"}],"version-history":[{"count":0,"href":"https:\/\/www.europesays.com\/fr\/wp-json\/wp\/v2\/posts\/275111\/revisions"}],"wp:featuredmedia":[{"embeddable":true,"href":"https:\/\/www.europesays.com\/fr\/wp-json\/wp\/v2\/media\/275112"}],"wp:attachment":[{"href":"https:\/\/www.europesays.com\/fr\/wp-json\/wp\/v2\/media?parent=275111"}],"wp:term":[{"taxonomy":"category","embeddable":true,"href":"https:\/\/www.europesays.com\/fr\/wp-json\/wp\/v2\/categories?post=275111"},{"taxonomy":"post_tag","embeddable":true,"href":"https:\/\/www.europesays.com\/fr\/wp-json\/wp\/v2\/tags?post=275111"}],"curies":[{"name":"wp","href":"https:\/\/api.w.org\/{rel}","templated":true}]}}