{"id":275113,"date":"2025-07-26T11:47:10","date_gmt":"2025-07-26T11:47:10","guid":{"rendered":"https:\/\/www.europesays.com\/fr\/275113\/"},"modified":"2025-07-26T11:47:10","modified_gmt":"2025-07-26T11:47:10","slug":"etoiles-filantes-quelle-est-la-nuit-a-ne-pas-manquer-cet-ete-actualites","status":"publish","type":"post","link":"https:\/\/www.europesays.com\/fr\/275113\/","title":{"rendered":"\u00c9toiles filantes : quelle est la nuit \u00e0 ne pas manquer cet \u00e9t\u00e9 ? : Actualit\u00e9s"},"content":{"rendered":"<p class=\"lead \"><strong>L\u2019\u00e9t\u00e9 est la saison id\u00e9ale pour lever les yeux vers le ciel et admirer des \u00e9toiles filantes. Jusqu&rsquo;\u00e0 la mi-ao\u00fbt, il est possible d\u2019en observer en plus grand nombre.<\/strong><\/p>\n<p class=\"lead \">La saison des \u00e9toiles filantes est officiellement ouverte. Chaque ann\u00e9e, les mois de juillet et d\u2019ao\u00fbt sont particuli\u00e8rement propices pour rep\u00e9rer ces m\u00e9t\u00e9ores. Durant la c\u00e9l\u00e8bre \u00ab\u00a0pluie des Pers\u00e9ides\u00a0\u00bb, la quantit\u00e9 d\u2019\u00e9toiles filantes visibles atteint son maximum, rendant leur observation plus facile. Selon les sp\u00e9cialistes de l\u2019International Meteor Organization, le pic d\u2019activit\u00e9 est attendu dans la nuit du 12 au 13 ao\u00fbt.<\/p>\n<p class=\"lead \">Ce \u00ab\u00a0maximum d\u2019activit\u00e9 de la pluie m\u00e9t\u00e9orique des Pers\u00e9ides\u00a0\u00bb, comme l&rsquo;appellent les experts, s&rsquo;explique par des ph\u00e9nom\u00e8nes astrophysiques bien connus. D\u00e8s le 17 juillet, la Terre commence \u00e0 croiser des particules issues de 109P\/Swift-Tuttle, une com\u00e8te de longue p\u00e9riode. \u00ab\u00a0La Terre s\u2019enfonce alors de plus en plus profond\u00e9ment dans le nuage de m\u00e9t\u00e9oro\u00efdes lib\u00e9r\u00e9s du noyau de cette com\u00e8te depuis plusieurs centaines, voire milliers d\u2019ann\u00e9es\u00a0\u00bb, explique Karl Antier, g\u00e9ophysicien, sur <a href=\"https:\/\/www.vigie-ciel.org\/2025\/07\/24\/perseides-2025-un-cru-lunaire\/\" target=\"_blank\" rel=\"nofollow noopener\">Vigie Ciel<\/a>.<\/p>\n<p>                                                                                                 Jusqu\u2019\u00e0 80 m\u00e9t\u00e9ores par heure <\/p>\n<p class=\"lead \">Comme l\u2019indique la presse sp\u00e9cialis\u00e9e, jusqu\u2019\u00e0 80 m\u00e9t\u00e9ores par heure pourraient \u00eatre visibles au cours de la nuit du 12 au 13 ao\u00fbt. Plus la nuit avance, meilleures sont les chances d\u2019en observer. Selon <a href=\"https:\/\/www.tf1info.fr\/sciences-et-innovation\/nuit-des-etoiles-2025-a-quelle-date-verra-t-on-le-plus-d-etoiles-filantes-dans-le-ciel-cet-ete-2385175.html\" target=\"_blank\" rel=\"nofollow noopener\">TF1 Info<\/a>, il est conseill\u00e9 de regarder en direction de la constellation de Pers\u00e9e pour maximiser les observations.<\/p>\n<p class=\"lead \">Pour profiter au mieux du spectacle, choisissez un ciel le plus sombre possible, loin de toute lumi\u00e8re artificielle, avec un horizon bien d\u00e9gag\u00e9. M\u00eame si les \u00e9toiles filantes semblent provenir de Pers\u00e9e, elles peuvent appara\u00eetre n\u2019importe o\u00f9 dans le ciel. Restez concentr\u00e9 : plus vous serez attentif, plus vous en verrez.<\/p>\n<p class=\"small font-weight-bold text-gray3 \"> publi\u00e9 le 26 juillet \u00e0 11h55, Justin Schroeder, 6M\u00e9dias<\/p>\n<p>                             Partager<\/p>\n","protected":false},"excerpt":{"rendered":"L\u2019\u00e9t\u00e9 est la saison id\u00e9ale pour lever les yeux vers le ciel et admirer des \u00e9toiles filantes. Jusqu&rsquo;\u00e0&hellip;\n","protected":false},"author":2,"featured_media":275114,"comment_status":"","ping_status":"","sticky":false,"template":"","format":"standard","meta":{"footnotes":""},"categories":[7],"tags":[1011,27,43,40,41,39,42,44],"class_list":{"0":"post-275113","1":"post","2":"type-post","3":"status-publish","4":"format-standard","5":"has-post-thumbnail","7":"category-sciences-et-technologies","8":"tag-fr","9":"tag-france","10":"tag-science","11":"tag-science-and-technology","12":"tag-sciences","13":"tag-sciences-et-technologies","14":"tag-technologies","15":"tag-technology"},"share_on_mastodon":{"url":"https:\/\/pubeurope.com\/@fr\/114919377953794863","error":""},"_links":{"self":[{"href":"https:\/\/www.europesays.com\/fr\/wp-json\/wp\/v2\/posts\/275113","targetHints":{"allow":["GET"]}}],"collection":[{"href":"https:\/\/www.europesays.com\/fr\/wp-json\/wp\/v2\/posts"}],"about":[{"href":"https:\/\/www.europesays.com\/fr\/wp-json\/wp\/v2\/types\/post"}],"author":[{"embeddable":true,"href":"https:\/\/www.europesays.com\/fr\/wp-json\/wp\/v2\/users\/2"}],"replies":[{"embeddable":true,"href":"https:\/\/www.europesays.com\/fr\/wp-json\/wp\/v2\/comments?post=275113"}],"version-history":[{"count":0,"href":"https:\/\/www.europesays.com\/fr\/wp-json\/wp\/v2\/posts\/275113\/revisions"}],"wp:featuredmedia":[{"embeddable":true,"href":"https:\/\/www.europesays.com\/fr\/wp-json\/wp\/v2\/media\/275114"}],"wp:attachment":[{"href":"https:\/\/www.europesays.com\/fr\/wp-json\/wp\/v2\/media?parent=275113"}],"wp:term":[{"taxonomy":"category","embeddable":true,"href":"https:\/\/www.europesays.com\/fr\/wp-json\/wp\/v2\/categories?post=275113"},{"taxonomy":"post_tag","embeddable":true,"href":"https:\/\/www.europesays.com\/fr\/wp-json\/wp\/v2\/tags?post=275113"}],"curies":[{"name":"wp","href":"https:\/\/api.w.org\/{rel}","templated":true}]}}