{"id":275119,"date":"2025-07-26T11:50:09","date_gmt":"2025-07-26T11:50:09","guid":{"rendered":"https:\/\/www.europesays.com\/fr\/275119\/"},"modified":"2025-07-26T11:50:09","modified_gmt":"2025-07-26T11:50:09","slug":"un-spectacle-de-dieudonne-interrompu-par-les-gendarmes","status":"publish","type":"post","link":"https:\/\/www.europesays.com\/fr\/275119\/","title":{"rendered":"Un spectacle de Dieudonn\u00e9 interrompu par les gendarmes"},"content":{"rendered":"<p>C\u2019est une sc\u00e8ne que n\u2019oubliera s\u00fbrement pas le public. Un spectacle du pol\u00e9miste multicondamn\u00e9 <a href=\"https:\/\/www.20minutes.fr\/dossier\/dieudonne\" target=\"_blank\" class=\"color-ultramarine c-link\" rel=\"noopener\">Dieudonn\u00e9 <\/a>M\u2019bala M&rsquo;bala a \u00e9t\u00e9 interrompu vendredi soir \u00e0 Lestrem (Pas-de-Calais) par les gendarmes, qui lui ont notifi\u00e9 sur place un arr\u00eat\u00e9 pr\u00e9fectoral interdisant cette repr\u00e9sentation, a appris l\u2019AFP ce samedi aupr\u00e8s de la pr\u00e9fecture du d\u00e9partement.<\/p>\n<\/p>\n<p>Le spectacle initialement pr\u00e9vu \u00e0 Dunkerque (Nord) et interdit par arr\u00eat\u00e9 a \u00e9t\u00e9 reprogramm\u00e9 au dernier moment dans cette commune. Inform\u00e9 de ce changement vendredi en fin de journ\u00e9e, le pr\u00e9fet du <a href=\"https:\/\/www.20minutes.fr\/dossier\/pas-de-calais\" target=\"_blank\" class=\"color-ultramarine c-link\" rel=\"noopener\">Pas-de-Calais<\/a> a \u00ab\u00a0imm\u00e9diatement pris un arr\u00eat\u00e9 portant interdiction de cette repr\u00e9sentation\u00a0\u00bb, a indiqu\u00e9 la pr\u00e9fecture.<\/p>\n<p>\u00ab\u00a0Il n\u2019a pas \u00e9t\u00e9 interpell\u00e9\u00a0\u00bb<\/p>\n<p>Dieudonn\u00e9 \u00ab\u00a0a \u00e9t\u00e9 condamn\u00e9 \u00e0 de multiples reprises pour des propos <a href=\"https:\/\/www.20minutes.fr\/dossier\/antisemitisme\" target=\"_blank\" class=\"color-ultramarine c-link\" rel=\"noopener\">antis\u00e9mites<\/a>, incitant \u00e0 la haine raciale et portant atteinte \u00e0 la dignit\u00e9 de la personne humaine\u00a0\u00bb, a rappel\u00e9 la source. Ses spectacles sont \u00ab\u00a0r\u00e9guli\u00e8rement l\u2019occasion de propos outranciers, complotistes et n\u00e9gationnistes, susceptibles de constituer des infractions p\u00e9nales et de provoquer de graves troubles \u00e0 l\u2019ordre public\u00a0\u00bb.<\/p>\n<p>Selon la pr\u00e9fecture, l\u2019arr\u00eat\u00e9 a \u00e9t\u00e9 notifi\u00e9 par les services de <a href=\"https:\/\/www.20minutes.fr\/dossier\/gendarmerie\" target=\"_blank\" class=\"color-ultramarine c-link\" rel=\"noopener\">gendarmerie <\/a>sur les lieux alors que le spectacle avait d\u00e9j\u00e0 d\u00e9but\u00e9. \u00ab\u00a0Contrairement \u00e0 ce que M. Dieudonn\u00e9 indique, il n\u2019a pas \u00e9t\u00e9 interpell\u00e9\u00a0\u00bb, a pr\u00e9cis\u00e9 la pr\u00e9fecture. Dans un communiqu\u00e9 transmis \u00e0 l\u2019AFP, l\u2019\u00e9quipe de production de Dieudonn\u00e9 M\u2019bala M&rsquo;bala, selon qui le spectacle avait commenc\u00e9 \u00e0 19 heures dans un lieu priv\u00e9, a d\u00e9nonc\u00e9 une interpellation \u00ab\u00a0en direct sur sc\u00e8ne\u00a0\u00bb.<\/p>\n<p>Une \u00ab\u00a0entrave \u00e0 la libert\u00e9 d\u2019expression\u00a0\u00bb, selon la production<\/p>\n<p>\u00ab\u00a0La commandante de gendarmerie a somm\u00e9 Dieudonn\u00e9 de quitter la sc\u00e8ne, le mena\u00e7ant verbalement [\u2026]. L\u2019artiste a \u00e9t\u00e9 contraint de descendre de sc\u00e8ne sous pression, dans ce qui constitue \u00e0 nos yeux un abus de pouvoir manifeste\u00a0\u00bb, a affirm\u00e9 l\u2019\u00e9quipe de production de l\u2019humoriste controvers\u00e9.<\/p>\n<p>Selon elle, \u00ab\u00a0une plainte sera d\u00e9pos\u00e9e dans les prochaines heures\u00a0\u00bb, notamment pour \u00ab\u00a0abus d\u2019autorit\u00e9\u00a0\u00bb et \u00ab\u00a0entrave \u00e0 la libert\u00e9 d\u2019expression et de r\u00e9union\u00a0\u00bb. Dieudonn\u00e9 M\u2019Bala M&rsquo;Bala a \u00e9t\u00e9 condamn\u00e9 \u00e0 de multiples reprises par la <a href=\"https:\/\/www.20minutes.fr\/justice\/\" target=\"_blank\" class=\"color-ultramarine c-link\" rel=\"noopener\">justice<\/a>, notamment pour injures raciales et incitation \u00e0 la haine.<\/p>\n","protected":false},"excerpt":{"rendered":"C\u2019est une sc\u00e8ne que n\u2019oubliera s\u00fbrement pas le public. Un spectacle du pol\u00e9miste multicondamn\u00e9 Dieudonn\u00e9 M\u2019bala M&rsquo;bala a&hellip;\n","protected":false},"author":2,"featured_media":275120,"comment_status":"","ping_status":"","sticky":false,"template":"","format":"standard","meta":{"footnotes":""},"categories":[4],"tags":[47,11,6155,41311,1011,27,3381,811,12,1309,23862,8916,14583,25,104,3140],"class_list":{"0":"post-275119","1":"post","2":"type-post","3":"status-publish","4":"format-standard","5":"has-post-thumbnail","7":"category-france","8":"tag-actualite","9":"tag-actualites","10":"tag-antisemitisme","11":"tag-dieudonne","12":"tag-fr","13":"tag-france","14":"tag-gendarmerie","15":"tag-hauts-de-france","16":"tag-news","17":"tag-nord-pas-de-calais","18":"tag-pas-de-calais","19":"tag-prefecture","20":"tag-prefet","21":"tag-republique-francaise","22":"tag-societe","23":"tag-spectacle"},"share_on_mastodon":{"url":"https:\/\/pubeurope.com\/@fr\/114919389542221727","error":""},"_links":{"self":[{"href":"https:\/\/www.europesays.com\/fr\/wp-json\/wp\/v2\/posts\/275119","targetHints":{"allow":["GET"]}}],"collection":[{"href":"https:\/\/www.europesays.com\/fr\/wp-json\/wp\/v2\/posts"}],"about":[{"href":"https:\/\/www.europesays.com\/fr\/wp-json\/wp\/v2\/types\/post"}],"author":[{"embeddable":true,"href":"https:\/\/www.europesays.com\/fr\/wp-json\/wp\/v2\/users\/2"}],"replies":[{"embeddable":true,"href":"https:\/\/www.europesays.com\/fr\/wp-json\/wp\/v2\/comments?post=275119"}],"version-history":[{"count":0,"href":"https:\/\/www.europesays.com\/fr\/wp-json\/wp\/v2\/posts\/275119\/revisions"}],"wp:featuredmedia":[{"embeddable":true,"href":"https:\/\/www.europesays.com\/fr\/wp-json\/wp\/v2\/media\/275120"}],"wp:attachment":[{"href":"https:\/\/www.europesays.com\/fr\/wp-json\/wp\/v2\/media?parent=275119"}],"wp:term":[{"taxonomy":"category","embeddable":true,"href":"https:\/\/www.europesays.com\/fr\/wp-json\/wp\/v2\/categories?post=275119"},{"taxonomy":"post_tag","embeddable":true,"href":"https:\/\/www.europesays.com\/fr\/wp-json\/wp\/v2\/tags?post=275119"}],"curies":[{"name":"wp","href":"https:\/\/api.w.org\/{rel}","templated":true}]}}