{"id":275135,"date":"2025-07-26T11:59:11","date_gmt":"2025-07-26T11:59:11","guid":{"rendered":"https:\/\/www.europesays.com\/fr\/275135\/"},"modified":"2025-07-26T11:59:11","modified_gmt":"2025-07-26T11:59:11","slug":"herault-la-graine-continue-de-sepanouir-avec-une-nouvelle-campagne-de-communication","status":"publish","type":"post","link":"https:\/\/www.europesays.com\/fr\/275135\/","title":{"rendered":"H\u00e9rault. La Graine continue de s\u2019\u00e9panouir avec une nouvelle campagne de communication"},"content":{"rendered":"<p>            Par<br \/>\n        <strong><br \/>\n            <a href=\"https:\/\/actu.fr\/auteur\/r-coudert\" title=\"Consulter tous les articles de Rachel Coudert\" target=\"_blank\" rel=\"noopener\">Rachel Coudert<\/a><br \/>\n        <\/strong><\/p>\n<p>        Publi\u00e9 le<\/p>\n<p>            26 juil. 2025 \u00e0 13h27        <\/p>\n<p>Saviez-vous qu\u2019il est possible d\u2019aller au cin\u00e9ma, de faire vos courses ou m\u00eame de vous rendre chez le coiffeur en payant avec\u2026 <strong>des Graines<\/strong> ? C\u2019est le pari lanc\u00e9 par l\u2019association La Graine 34 avec <strong>sa monnaie locale<\/strong>, en circulation \u00e0 <strong>Montpellier<\/strong> et dans <strong>l\u2019H\u00e9rault<\/strong> depuis 2018. Alors qu\u2019elle d\u00e9voile une <strong>nouvelle campagne de publicit\u00e9<\/strong>, l\u2019initiative cherche aujourd\u2019hui \u00e0 se redynamiser pour mieux s\u2019ancrer dans le territoire.<\/p>\n<p class=\" wall-content\">Deux <strong>nouvelles affiches color\u00e9es<\/strong> viennent d\u2019\u00eatre r\u00e9v\u00e9l\u00e9es, fruit du travail d\u2019une \u00e9quipe de stagiaires en communication. Avec des <strong>slogans<\/strong> incisifs comme \u00ab Faire mes achats dans mon quartier c\u2019est bien, payer avec la Graine, c\u2019est mieux \u00bb ou \u00ab Composer de beaux bouquets c\u2019est bien, fleurir le commerce local avec la Graine, c\u2019est mieux \u00bb, l\u2019association esp\u00e8re faire germer la curiosit\u00e9 du public et convaincre de <strong>nouveaux utilisateurs<\/strong> <strong>et<\/strong> <strong>professionnels<\/strong>.<\/p>\n<p>    <img   decoding=\"async\" loading=\"lazy\" src=\"https:\/\/www.europesays.com\/fr\/wp-content\/uploads\/2025\/07\/1000034030-960x640.jpg\" alt=\"Les nouvelles affiches de la Graine pr\u00e9sent\u00e9es \u00e0 Montpellier ce mardi 22 juillet.\" width=\"960\" height=\"640\"\/><br \/>\n    Les nouvelles affiches de la Graine pr\u00e9sent\u00e9es \u00e0 Montpellier ce mardi 22 juillet. (\u00a9RC\/M\u00e9tropolitain)Une histoire de graines\u2026 et de valeurs<\/p>\n<p class=\" wall-content\">L\u2019id\u00e9e voit le jour d\u00e8s 2013, mais ce n\u2019est qu\u2019en 2018 que les <strong>premiers billets de Graine<\/strong> sont mis en circulation. Le principe est simple : \u00e9changer des euros contre des Graines (1\u20ac = 1 Graine), \u00e0 utiliser dans un <strong>r\u00e9seau de commerces locaux partenaires<\/strong>. Derri\u00e8re cette monnaie, on retrouve les valeurs fondatrices de l\u2019association : <strong>encourager l\u2019\u00e9conomie locale<\/strong>, participer \u00e0 la <strong>transition \u00e9cologique<\/strong>, et renforcer les <strong>liens<\/strong> entre consommateurs et professionnels. \u00ab Il s\u2019agit de consommer local, de produire local et de diffuser local, mais aussi de faire en sorte que les acteurs et actrices de la vie \u00e9conomique puissent mieux se conna\u00eetre, mieux \u00e9changer et mieux travailler ensemble \u00bb, explique notamment Paul Bramy, membre du Conseil d\u2019administration.<\/p>\n<p class=\" wall-content\">Depuis 2023, l\u2019initiative s\u2019est modernis\u00e9e avec le lancement d\u2019une <strong>application mobile<\/strong>, Appli\u2019Graine34, permettant de payer directement via l\u2019application. Aujourd\u2019hui, ce sont environ <strong>180 professionnels<\/strong> qui acceptent la Graine \u00e0 travers l\u2019H\u00e9rault, pour quelques <strong>500 utilisateurs<\/strong> r\u00e9guliers et pr\u00e8s de <strong>80 000 Graines<\/strong> en circulation.<\/p>\n<p>Vid\u00e9os : en ce moment sur ActuQuel avenir ?<\/p>\n<p class=\" wall-content\"><strong>\u00ab La Graine est h\u00e9raultaise \u00bb<\/strong>, mart\u00e8le Paul Bramy. Une affirmation qui refl\u00e8te la volont\u00e9 de l\u2019association de <strong>sortir du p\u00e9rim\u00e8tre montpelli\u00e9rain<\/strong> pour s\u2019ancrer dans tout le d\u00e9partement. C\u2019est dans cette logique qu\u2019un partenariat a \u00e9t\u00e9 \u00e9tabli avec <strong>l\u2019A\u00efga<\/strong>, monnaie locale des C\u00e9vennes, afin de faciliter les \u00e9changes \u00e9conomiques entre les territoires de l\u2019H\u00e9rault et des Causses-C\u00e9vennes.<\/p>\n<p class=\" wall-content\">L\u2019association poursuit \u00e9galement son travail de terrain en d\u00e9marchant de <strong>nouveaux professionnels<\/strong>, et peut compter sur le <strong>soutien de la M\u00e9tropole de Montpellier<\/strong>. Bruno Paternot, vice-pr\u00e9sident de Montpellier M\u00e9diterran\u00e9e M\u00e9tropole, esp\u00e8re \u00e0 terme \u00e9largir encore l\u2019usage de la monnaie \u00ab au r\u00e9seau des m\u00e9diath\u00e8ques et au r\u00e9seau des piscines \u00bb. Un projet qui n\u2019a d\u00e9finitivement pas fini de fleurir\u2026<\/p>\n<p>Informations compl\u00e9mentaires \u00e0 retrouver sur le site de <a href=\"https:\/\/lagraine34.org\/\" target=\"_blank\" rel=\"noopener\">La Graine 34<\/a>.<\/p>\n<p class=\" wall-content\">Suivez toute l\u2019actualit\u00e9 de vos villes et m\u00e9dias favoris en vous inscrivant \u00e0 <a href=\"https:\/\/moncompte.actu.fr\" title=\"D\u00e9couvez Mon Actu\" rel=\"nofollow noopener\" data-trk=\"{&quot;cta&quot;:{&quot;action&quot;:&quot;https:\\\/\\\/moncompte.actu.fr&quot;,&quot;category&quot;:&quot;mon compte&quot;,&quot;from&quot;:&quot;article footer&quot;,&quot;name&quot;:&quot;Mon actu&quot;,&quot;type&quot;:&quot;cta&quot;}}\" target=\"_blank\">Mon Actu<\/a>.<\/p>\n","protected":false},"excerpt":{"rendered":"Par Rachel Coudert Publi\u00e9 le 26 juil. 2025 \u00e0 13h27 Saviez-vous qu\u2019il est possible d\u2019aller au cin\u00e9ma, de&hellip;\n","protected":false},"author":2,"featured_media":275136,"comment_status":"","ping_status":"","sticky":false,"template":"","format":"standard","meta":{"footnotes":""},"categories":[9599],"tags":[1111,11,258,1261,215,33,1777,674,1011,27,2208,12,2680,25],"class_list":{"0":"post-275135","1":"post","2":"type-post","3":"status-publish","4":"format-standard","5":"has-post-thumbnail","7":"category-montpellier","8":"tag-actu","9":"tag-actualites","10":"tag-alimentation","11":"tag-argent","12":"tag-commerce","13":"tag-economie","14":"tag-eu","15":"tag-europe","16":"tag-fr","17":"tag-france","18":"tag-montpellier","19":"tag-news","20":"tag-occitanie","21":"tag-republique-francaise"},"share_on_mastodon":{"url":"https:\/\/pubeurope.com\/@fr\/114919425017679893","error":""},"_links":{"self":[{"href":"https:\/\/www.europesays.com\/fr\/wp-json\/wp\/v2\/posts\/275135","targetHints":{"allow":["GET"]}}],"collection":[{"href":"https:\/\/www.europesays.com\/fr\/wp-json\/wp\/v2\/posts"}],"about":[{"href":"https:\/\/www.europesays.com\/fr\/wp-json\/wp\/v2\/types\/post"}],"author":[{"embeddable":true,"href":"https:\/\/www.europesays.com\/fr\/wp-json\/wp\/v2\/users\/2"}],"replies":[{"embeddable":true,"href":"https:\/\/www.europesays.com\/fr\/wp-json\/wp\/v2\/comments?post=275135"}],"version-history":[{"count":0,"href":"https:\/\/www.europesays.com\/fr\/wp-json\/wp\/v2\/posts\/275135\/revisions"}],"wp:featuredmedia":[{"embeddable":true,"href":"https:\/\/www.europesays.com\/fr\/wp-json\/wp\/v2\/media\/275136"}],"wp:attachment":[{"href":"https:\/\/www.europesays.com\/fr\/wp-json\/wp\/v2\/media?parent=275135"}],"wp:term":[{"taxonomy":"category","embeddable":true,"href":"https:\/\/www.europesays.com\/fr\/wp-json\/wp\/v2\/categories?post=275135"},{"taxonomy":"post_tag","embeddable":true,"href":"https:\/\/www.europesays.com\/fr\/wp-json\/wp\/v2\/tags?post=275135"}],"curies":[{"name":"wp","href":"https:\/\/api.w.org\/{rel}","templated":true}]}}