{"id":275137,"date":"2025-07-26T12:00:20","date_gmt":"2025-07-26T12:00:20","guid":{"rendered":"https:\/\/www.europesays.com\/fr\/275137\/"},"modified":"2025-07-26T12:00:20","modified_gmt":"2025-07-26T12:00:20","slug":"les-agriculteurs-dans-lattente-du-soleil-en-seine-maritime","status":"publish","type":"post","link":"https:\/\/www.europesays.com\/fr\/275137\/","title":{"rendered":"les agriculteurs dans l&rsquo;attente du soleil en Seine-Maritime"},"content":{"rendered":"<p>            Par<br \/>\n        <strong><br \/>\n            <a href=\"https:\/\/actu.fr\/auteur\/amandine-mouquet\" title=\"Consulter tous les articles de Amandine Mouquet\" rel=\"nofollow noopener\" target=\"_blank\">Amandine Mouquet<\/a><br \/>\n        <\/strong><\/p>\n<p>        Publi\u00e9 le<\/p>\n<p>            26 juil. 2025 \u00e0 11h30        <\/p>\n<p>Cette ann\u00e9e, les estimations sont bonnes concernant les r\u00e9coltes de c\u00e9r\u00e9ales. Avec un <b>bl\u00e9 riche en prot\u00e9ine et plus lourd que la moyenne,<\/b> les agriculteurs sont dans un bon \u00e9tat d\u2019esprit. Une qualit\u00e9 qui r\u00e9compense le travail de toute une ann\u00e9e.<\/p>\n<p>Un d\u00e9but de moisson pr\u00e9coce<\/p>\n<p class=\" wall-content\">La premi\u00e8re partie des moissons s\u2019est tr\u00e8s bien pass\u00e9e avec des <b>c\u00e9r\u00e9ales de bonne qualit\u00e9 et de bons rendements<\/b>. \u00c0 l\u2019heure actuelle, \u00ab<b> 95 % de l\u2019orge et 70 % des colzas<\/b> ont \u00e9t\u00e9 r\u00e9colt\u00e9s en Seine-Maritime \u00bb, explique J\u00e9r\u00f4me Claeys, chef de la r\u00e9gion Normandie du groupe N\u00e9o n\u00e9goce. La <b>qualit\u00e9 est au rendez-vous et le taux d\u2019humidit\u00e9 bas,<\/b> ce qui favorise une bonne conservation. Concernant le bl\u00e9, on retrouve des disparit\u00e9s selon les r\u00e9gions, en<a href=\"https:\/\/actu.fr\/76actu\/\" rel=\"nofollow noopener\" target=\"_blank\"> Seine-Maritime<\/a>, \u00ab seulement<b> 5 % des r\u00e9coltes <\/b>ont eu lieu, alors que dans la <a href=\"https:\/\/actu.fr\/hauts-de-france\/somme_80\" rel=\"nofollow noopener\" target=\"_blank\">Somme<\/a> le bl\u00e9 est arriv\u00e9 en avance et les <b>moissons sont d\u00e9j\u00e0 termin\u00e9es<\/b> \u00bb, poursuit-il.<\/p>\n<p>\u00ab On est tributaire de la m\u00e9t\u00e9o \u00bb<\/p>\n<p class=\" wall-content\">Aujourd\u2019hui, l\u2019incertitude plane face \u00e0 un retour du beau temps qui conditionne la r\u00e9ception des c\u00e9r\u00e9ales. Pour l\u2019instant, malgr\u00e9 les pluies, le bl\u00e9 reste de bonne qualit\u00e9 et est au-dessus des normes. <b>Mais tant qu\u2019il continuera de pleuvoir il ne pourra pas \u00eatre r\u00e9colt\u00e9<\/b>.<\/p>\n<blockquote class=\"ac-article-quote wall-content\">\n<p>Chaque pluie fait baisser le poids du bl\u00e9 et il perd en qualit\u00e9.<\/p>\n<p>J\u00e9r\u00f4me Clayes, Chef de r\u00e9gion Normandie N\u00e9o n\u00e9goce<\/p><\/blockquote>\n<p class=\" wall-content\">Compar\u00e9e \u00e0 l\u2019an dernier, o\u00f9 les r\u00e9coltes \u00e9taient tr\u00e8s moyennes et o\u00f9 la <a href=\"https:\/\/actu.fr\/normandie\/vire-normandie_14762\/premieres-moissons-de-lete-en-normandie-un-bilan-positif-pour-cette-famille-dagriculteurs_62946087.html\" rel=\"nofollow noopener\" target=\"_blank\">moisson<\/a> s\u2019\u00e9tait termin\u00e9e tr\u00e8s tard, l\u2019ann\u00e9e 2025 reste une bonne ann\u00e9e en termes de qualit\u00e9 mais aussi de quantit\u00e9. <b>Le volume global des r\u00e9coltes de l\u2019ann\u00e9e derni\u00e8re \u00e9tait \u00e0 -25 % <\/b>compar\u00e9 \u00e0 celui de cette ann\u00e9e. Seul probl\u00e8me, la<b> tendance des prix est \u00e0 la baisse <\/b>en raison des volumes r\u00e9colt\u00e9s, bien que la qualit\u00e9 soit au rendez-vous. Normalement le bl\u00e9 m\u00fbrit au fur et \u00e0 mesure, mais cette ann\u00e9e tout arrive en m\u00eame temps. D\u00e8s que le soleil reviendra, le bl\u00e9 pourra \u00eatre moissonn\u00e9 enti\u00e8rement.<\/p>\n<p>Vid\u00e9os : en ce moment sur Actu<\/p>\n<blockquote class=\"ac-article-quote wall-content\">\n<p>Le mat\u00e9riel est si puissant aujourd\u2019hui que les r\u00e9coltes peuvent se finir en 4 jours lorsque le soleil sera revenu.<\/p>\n<p>Emmanuel Leblond, commercial chez N\u00e9o n\u00e9goce<\/p><\/blockquote>\n<p>Les n\u00e9goces se pr\u00e9parent \u00e0 recevoir les prochaines r\u00e9coltes<\/p>\n<p class=\" wall-content\">N\u00e9o n\u00e9goce, se pr\u00e9pare donc \u00e0<b> recevoir les c\u00e9r\u00e9ales en grande quantit\u00e9<\/b>. Les stocks de colza et d\u2019orge d\u00e9j\u00e0 r\u00e9colt\u00e9s ont \u00e9t\u00e9 <b>vendus et exp\u00e9di\u00e9s<\/b> afin de lib\u00e9rer le maximum de place pour les arrivages de bl\u00e9. Les seules c\u00e9r\u00e9ales restantes sont r\u00e9serv\u00e9es \u00e0 la fabrication d\u2019aliments.<\/p>\n<p class=\" wall-content\">La saison des moissons devrait donc se terminer dans les semaines \u00e0 venir, ce qui laissera le temps aux agriculteurs de pr\u00e9parer les semences d\u2019automne, pour lesquelles ils nourrissent de bons espoirs.<\/p>\n<p class=\" wall-content\">Suivez toute l\u2019actualit\u00e9 de vos villes et m\u00e9dias favoris en vous inscrivant \u00e0 <a href=\"https:\/\/moncompte.actu.fr\" title=\"D\u00e9couvez Mon Actu\" rel=\"nofollow noopener\" data-trk=\"{&quot;cta&quot;:{&quot;action&quot;:&quot;https:\\\/\\\/moncompte.actu.fr&quot;,&quot;category&quot;:&quot;mon compte&quot;,&quot;from&quot;:&quot;article footer&quot;,&quot;name&quot;:&quot;Mon actu&quot;,&quot;type&quot;:&quot;cta&quot;}}\" target=\"_blank\">Mon Actu<\/a>.<\/p>\n<ul class=\"ac-article-tag wall-content\">\n<li><a href=\"https:\/\/actu.fr\/tag\/agriculture\" data-trk=\"{&quot;cta&quot;:{&quot;action&quot;:&quot;Agriculture&quot;,&quot;category&quot;:&quot;tag&quot;,&quot;from&quot;:&quot;article footer&quot;,&quot;name&quot;:&quot;Agriculture&quot;,&quot;type&quot;:&quot;cta&quot;}}\" rel=\"nofollow noopener\" target=\"_blank\">#Agriculture<\/a><\/li>\n<li><a href=\"https:\/\/actu.fr\/tag\/region-normandie\" data-trk=\"{&quot;cta&quot;:{&quot;action&quot;:&quot;R\\u00e9gion Normandie&quot;,&quot;category&quot;:&quot;tag&quot;,&quot;from&quot;:&quot;article footer&quot;,&quot;name&quot;:&quot;R\\u00e9gion Normandie&quot;,&quot;type&quot;:&quot;cta&quot;}}\" rel=\"nofollow noopener\" target=\"_blank\">#R\u00e9gion Normandie<\/a><\/li>\n<\/ul>\n","protected":false},"excerpt":{"rendered":"Par Amandine Mouquet Publi\u00e9 le 26 juil. 2025 \u00e0 11h30 Cette ann\u00e9e, les estimations sont bonnes concernant les&hellip;\n","protected":false},"author":2,"featured_media":275138,"comment_status":"","ping_status":"","sticky":false,"template":"","format":"standard","meta":{"footnotes":""},"categories":[9587],"tags":[1111,11,327,1777,674,1011,27,12,5161,13095,25,9590,104],"class_list":{"0":"post-275137","1":"post","2":"type-post","3":"status-publish","4":"format-standard","5":"has-post-thumbnail","7":"category-rouen","8":"tag-actu","9":"tag-actualites","10":"tag-agriculture","11":"tag-eu","12":"tag-europe","13":"tag-fr","14":"tag-france","15":"tag-news","16":"tag-normandie","17":"tag-region-normandie","18":"tag-republique-francaise","19":"tag-rouen","20":"tag-societe"},"share_on_mastodon":{"url":"https:\/\/pubeurope.com\/@fr\/114919428758656820","error":""},"_links":{"self":[{"href":"https:\/\/www.europesays.com\/fr\/wp-json\/wp\/v2\/posts\/275137","targetHints":{"allow":["GET"]}}],"collection":[{"href":"https:\/\/www.europesays.com\/fr\/wp-json\/wp\/v2\/posts"}],"about":[{"href":"https:\/\/www.europesays.com\/fr\/wp-json\/wp\/v2\/types\/post"}],"author":[{"embeddable":true,"href":"https:\/\/www.europesays.com\/fr\/wp-json\/wp\/v2\/users\/2"}],"replies":[{"embeddable":true,"href":"https:\/\/www.europesays.com\/fr\/wp-json\/wp\/v2\/comments?post=275137"}],"version-history":[{"count":0,"href":"https:\/\/www.europesays.com\/fr\/wp-json\/wp\/v2\/posts\/275137\/revisions"}],"wp:featuredmedia":[{"embeddable":true,"href":"https:\/\/www.europesays.com\/fr\/wp-json\/wp\/v2\/media\/275138"}],"wp:attachment":[{"href":"https:\/\/www.europesays.com\/fr\/wp-json\/wp\/v2\/media?parent=275137"}],"wp:term":[{"taxonomy":"category","embeddable":true,"href":"https:\/\/www.europesays.com\/fr\/wp-json\/wp\/v2\/categories?post=275137"},{"taxonomy":"post_tag","embeddable":true,"href":"https:\/\/www.europesays.com\/fr\/wp-json\/wp\/v2\/tags?post=275137"}],"curies":[{"name":"wp","href":"https:\/\/api.w.org\/{rel}","templated":true}]}}