{"id":27514,"date":"2025-04-15T20:31:35","date_gmt":"2025-04-15T20:31:35","guid":{"rendered":"https:\/\/www.europesays.com\/fr\/27514\/"},"modified":"2025-04-15T20:31:35","modified_gmt":"2025-04-15T20:31:35","slug":"un-blesse-grave-heliporte-au-chu-de-rouen","status":"publish","type":"post","link":"https:\/\/www.europesays.com\/fr\/27514\/","title":{"rendered":"un bless\u00e9 grave h\u00e9liport\u00e9 au CHU de Rouen"},"content":{"rendered":"<p>            Par<br \/>\n        <strong><br \/>\n            <a href=\"https:\/\/actu.fr\/auteur\/redaction-impartial\" title=\"Consulter tous les articles de R\u00e9daction L&#039;Impartial\" rel=\"nofollow noopener\" target=\"_blank\">R\u00e9daction L&rsquo;Impartial<\/a><br \/>\n        <\/strong><\/p>\n<p>        Publi\u00e9 le<\/p>\n<p>            14 avr. 2025 \u00e0 18h52        <\/p>\n<p>La s\u00e9rie noire se poursuit sur les routes de B\u00e9zu-Saint-\u00c9loi, pr\u00e8s de Gisors (Eure).<\/p>\n<p class=\" wall-content\">Ce lundi 14 avril 2025, il \u00e9tait pr\u00e8s de 6h45 lorsque deux voitures sont entr\u00e9es en collision lors d\u2019un choc frontal sur la D14 bis.<\/p>\n<p class=\" wall-content\">\u00c0 la sortie de la commune, en direction d\u2019\u00c9tr\u00e9pagny, le conducteur d\u2019une Renault M\u00e9gane a percut\u00e9 celui d\u2019une Toyota CHR.<\/p>\n<p class=\" wall-content\">Le premier, \u00e2g\u00e9 de 57 ans et gri\u00e8vement bless\u00e9 apr\u00e8s le choc a \u00e9t\u00e9 h\u00e9liport\u00e9 en urgence absolue au CHU de Rouen. Le second a \u00e9t\u00e9 hospitalis\u00e9 au centre hospitalier de Gisors dans un \u00e9tat d\u2019urgence relative.<\/p>\n<p>Un 3e automobiliste heurte un arbre<\/p>\n<p class=\" wall-content\">Un troisi\u00e8me automobiliste, qui a percut\u00e9 un arbre situ\u00e9 le long de la route apr\u00e8s avoir cherch\u00e9 \u00e0 \u00e9viter les deux v\u00e9hicules impliqu\u00e9s dans le choc frontal, a lui aussi \u00e9t\u00e9 admis \u00e0 l\u2019h\u00f4pital de Gisors. La RD 14 bis a \u00e9t\u00e9 ferm\u00e9e \u00e0 la circulation dans les deux sens jusqu\u2019\u00e0 10h, le temps que les secours interviennent.<\/p>\n<p>Vid\u00e9os : en ce moment sur Actu<\/p>\n<p class=\" wall-content\">Une quinzaine de sapeurs-pompiers d\u00e9p\u00each\u00e9s depuis les centres d\u2019incendie et de secours de Gisors et d\u2019\u00c9tr\u00e9pagny sont intervenus sur place.<\/p>\n<p class=\" wall-content\">Ce nouvel accident de la circulation est le dernier en date d\u2019une s\u00e9rie entam\u00e9e en d\u00e9but d\u2019ann\u00e9e et qui a d\u00e9j\u00e0 endeuill\u00e9 par deux fois la commune, apr\u00e8s la mort <a href=\"https:\/\/actu.fr\/normandie\/bezu-saint-eloi_27067\/accident-mortel-dans-leure-un-pieton-de-56-ans-violemment-renverse_62098282.html\" rel=\"nofollow noopener\" target=\"_blank\">d\u2019un pi\u00e9ton<\/a> et <a href=\"https:\/\/actu.fr\/normandie\/etrepagny_27226\/accident-mortel-dans-leure-un-motard-decede-apres-une-collision-avec-une-voiture_62216952.html\" rel=\"nofollow noopener\" target=\"_blank\">d\u2019un motard<\/a>.<\/p>\n<p>Bient\u00f4t des am\u00e9nagements\u2009?<\/p>\n<p class=\" wall-content\">Samedi 5 et dimanche 6 avril 2025, deux autres accidents, sans bless\u00e9s graves, avaient aussi eu lieu aux abords de la commune, impliquant au total quatre v\u00e9hicules, dont une moto.<\/p>\n<p class=\" wall-content\">Afin de mettre fin \u00e0 cette s\u00e9rie d\u2019accidents, la municipalit\u00e9 esp\u00e8re obtenir le financement d\u2019am\u00e9nagements destin\u00e9s \u00e0 limiter la vitesse et \u00e0 s\u00e9curiser les entr\u00e9es de ville.<\/p>\n<p class=\" wall-content\">Par ailleurs, d\u2019apr\u00e8s nos informations, la gendarmerie poursuit ses investigations via une expertise technique en cours de r\u00e9alisation, afin de retrouver la trace du camion qui aurait mortellement percut\u00e9 un habitant de la commune en d\u00e9but d\u2019ann\u00e9e.<\/p>\n<p class=\" wall-content\">Suivez toute l\u2019actualit\u00e9 de vos villes et m\u00e9dias favoris en vous inscrivant \u00e0 <a href=\"https:\/\/moncompte.actu.fr\" title=\"D\u00e9couvez Mon Actu\" rel=\"nofollow noopener\" data-trk=\"{&quot;cta&quot;:{&quot;action&quot;:&quot;https:\\\/\\\/moncompte.actu.fr&quot;,&quot;category&quot;:&quot;mon compte&quot;,&quot;from&quot;:&quot;article footer&quot;,&quot;name&quot;:&quot;Mon actu&quot;,&quot;type&quot;:&quot;cta&quot;}}\" target=\"_blank\">Mon Actu<\/a>.<\/p>\n","protected":false},"excerpt":{"rendered":"Par R\u00e9daction L&rsquo;Impartial Publi\u00e9 le 14 avr. 2025 \u00e0 18h52 La s\u00e9rie noire se poursuit sur les routes&hellip;\n","protected":false},"author":2,"featured_media":27515,"comment_status":"","ping_status":"","sticky":false,"template":"","format":"standard","meta":{"footnotes":""},"categories":[9587],"tags":[119,1111,11,1777,674,118,1011,27,12,5161,25,9590],"class_list":{"0":"post-27514","1":"post","2":"type-post","3":"status-publish","4":"format-standard","5":"has-post-thumbnail","7":"category-rouen","8":"tag-accident","9":"tag-actu","10":"tag-actualites","11":"tag-eu","12":"tag-europe","13":"tag-faits-divers","14":"tag-fr","15":"tag-france","16":"tag-news","17":"tag-normandie","18":"tag-republique-francaise","19":"tag-rouen"},"share_on_mastodon":{"url":"https:\/\/pubeurope.com\/@fr\/114343882783297912","error":""},"_links":{"self":[{"href":"https:\/\/www.europesays.com\/fr\/wp-json\/wp\/v2\/posts\/27514","targetHints":{"allow":["GET"]}}],"collection":[{"href":"https:\/\/www.europesays.com\/fr\/wp-json\/wp\/v2\/posts"}],"about":[{"href":"https:\/\/www.europesays.com\/fr\/wp-json\/wp\/v2\/types\/post"}],"author":[{"embeddable":true,"href":"https:\/\/www.europesays.com\/fr\/wp-json\/wp\/v2\/users\/2"}],"replies":[{"embeddable":true,"href":"https:\/\/www.europesays.com\/fr\/wp-json\/wp\/v2\/comments?post=27514"}],"version-history":[{"count":0,"href":"https:\/\/www.europesays.com\/fr\/wp-json\/wp\/v2\/posts\/27514\/revisions"}],"wp:featuredmedia":[{"embeddable":true,"href":"https:\/\/www.europesays.com\/fr\/wp-json\/wp\/v2\/media\/27515"}],"wp:attachment":[{"href":"https:\/\/www.europesays.com\/fr\/wp-json\/wp\/v2\/media?parent=27514"}],"wp:term":[{"taxonomy":"category","embeddable":true,"href":"https:\/\/www.europesays.com\/fr\/wp-json\/wp\/v2\/categories?post=27514"},{"taxonomy":"post_tag","embeddable":true,"href":"https:\/\/www.europesays.com\/fr\/wp-json\/wp\/v2\/tags?post=27514"}],"curies":[{"name":"wp","href":"https:\/\/api.w.org\/{rel}","templated":true}]}}