{"id":275141,"date":"2025-07-26T12:05:14","date_gmt":"2025-07-26T12:05:14","guid":{"rendered":"https:\/\/www.europesays.com\/fr\/275141\/"},"modified":"2025-07-26T12:05:14","modified_gmt":"2025-07-26T12:05:14","slug":"plus-de-60-kilometres-de-bouchons-cumules-sur-la-rn165-la-rn12-et-la-rocade-de-rennes-en-bretagne-ce-samedi","status":"publish","type":"post","link":"https:\/\/www.europesays.com\/fr\/275141\/","title":{"rendered":"Plus de 60 kilom\u00e8tres de bouchons cumul\u00e9s sur la RN165, la RN12 et la rocade de Rennes en Bretagne ce samedi"},"content":{"rendered":"<p>Il faudra \u00eatre patient, ce samedi, si vous prenez le volant en Bretagne et en particulier dans le Morbihan. Comme attendue, la circulation est tr\u00e8s compliqu\u00e9e avec plus de 60 km de ralentissements signal\u00e9s \u00e0 la mi-journ\u00e9e.<\/p>\n<p>Sur la RN165, les secteurs de Vannes, Theix, Crach et Lorient sont particuli\u00e8rement concern\u00e9s.<\/p>\n<p>D\u00e9parts en vacances, pardon et Tour de France<\/p>\n<p>En cause : des nouveaux d\u00e9parts et retours en vacances dans ce secteur tr\u00e8s touristique mais aussi <a href=\"https:\/\/www.letelegramme.fr\/bretagne\/tour-de-france-vannes-plumelec-carte-horaire-parking-routes-barrees-caravane-meilleurs-spots-6860209.php\" target=\"_blank\" rel=\"noopener\">le passage du Tour de France f\u00e9minin<\/a> qui emprunte un circuit, ce samedi, entre Vannes et Plumelec et la tenue du c\u00e9l\u00e8bre<a href=\"https:\/\/www.letelegramme.fr\/morbihan\/sainte-anne-d-auray-56400\/a-sainte-anne-dauray-arrivee-de-la-tromenie-en-ouverture-du-grand-pardon-6861882.php\" target=\"_blank\" rel=\"noopener\"> pardon de Sainte-Anne d\u2019Auray<\/a>.<\/p>\n<p>Les deux sens de circulation sont concern\u00e9s. \u00c0 midi, sur la RN165, <a href=\"https:\/\/www.bison-fute.gouv.fr\/\" target=\"_blank\" rel=\"noopener\">Bison Fut\u00e9<\/a> rel\u00e8ve, dans le sens Nantes vers Brest un bouchon d\u2019environ 10 kilom\u00e8tres entre Theix et Vannes et un autre de 20,6 m entre Brest et Nantes, de Crach \u00e0 Vannes.<\/p>\n<p>Bison Fut\u00e9 signale aussi 6 kilom\u00e8tres de ralentissements, <a href=\"https:\/\/www.letelegramme.fr\/morbihan\/lorient-56100\/a-lentree-de-lorient-6-km-de-bouchons-sur-la-rn165-6861914.php\" target=\"_blank\" rel=\"noopener\">\u00e0 l\u2019entr\u00e9e de Lorient,<\/a> sur la RN165, entre Qu\u00e9ven et Caudan.<\/p>\n<p>Dans les C\u00f4tes-d\u2019Armor, sur la RN12, entre Saint-Brieuc et Lamballe, dans le sens Brest vers Rennes, un bouchon d\u2019environ 11 km est pr\u00e9sent.<\/p>\n<p>En Ille-et-Vilaine, la rocade de Rennes, int\u00e9rieure et ext\u00e9rieure, comptabilise 15 kilom\u00e8tres de bouchon en cumul\u00e9.<\/p>\n<p>Ce samedi 26 juillet 2025 est class\u00e9 rouge au niveau national dans le sens des d\u00e9parts et rouge dans le sens des retours, dans la zone Grand Ouest.<\/p>\n<p>Le pic de bouchons a \u00e9t\u00e9 atteint \u00e0 12 h 15 avec 999 km cumul\u00e9s au niveau national. Pour la zone Grand Ouest et Nord, le volume maximal de bouchons a \u00e9t\u00e9 atteint vers 12 h 10 avec 304 km cumul\u00e9s.<\/p>\n","protected":false},"excerpt":{"rendered":"Il faudra \u00eatre patient, ce samedi, si vous prenez le volant en Bretagne et en particulier dans le&hellip;\n","protected":false},"author":2,"featured_media":275142,"comment_status":"","ping_status":"","sticky":false,"template":"","format":"standard","meta":{"footnotes":""},"categories":[2821],"tags":[1111,11,7507,829,3542,2171,41446,765,1777,674,1011,27,848,2170,1781,3729,12,584,25,4937,10795,3165],"class_list":{"0":"post-275141","1":"post","2":"type-post","3":"status-publish","4":"format-standard","5":"has-post-thumbnail","7":"category-rennes","8":"tag-actu","9":"tag-actualites","10":"tag-auray","11":"tag-bretagne","12":"tag-circulation","13":"tag-cotes-darmor","14":"tag-crach","15":"tag-en-continu","16":"tag-eu","17":"tag-europe","18":"tag-fr","19":"tag-france","20":"tag-ille-et-vilaine","21":"tag-lamballe-armor","22":"tag-lorient","23":"tag-morbihan","24":"tag-news","25":"tag-rennes","26":"tag-republique-francaise","27":"tag-saint-brieuc","28":"tag-theix-noyalo","29":"tag-vannes"},"share_on_mastodon":{"url":"https:\/\/pubeurope.com\/@fr\/114919448450166713","error":""},"_links":{"self":[{"href":"https:\/\/www.europesays.com\/fr\/wp-json\/wp\/v2\/posts\/275141","targetHints":{"allow":["GET"]}}],"collection":[{"href":"https:\/\/www.europesays.com\/fr\/wp-json\/wp\/v2\/posts"}],"about":[{"href":"https:\/\/www.europesays.com\/fr\/wp-json\/wp\/v2\/types\/post"}],"author":[{"embeddable":true,"href":"https:\/\/www.europesays.com\/fr\/wp-json\/wp\/v2\/users\/2"}],"replies":[{"embeddable":true,"href":"https:\/\/www.europesays.com\/fr\/wp-json\/wp\/v2\/comments?post=275141"}],"version-history":[{"count":0,"href":"https:\/\/www.europesays.com\/fr\/wp-json\/wp\/v2\/posts\/275141\/revisions"}],"wp:featuredmedia":[{"embeddable":true,"href":"https:\/\/www.europesays.com\/fr\/wp-json\/wp\/v2\/media\/275142"}],"wp:attachment":[{"href":"https:\/\/www.europesays.com\/fr\/wp-json\/wp\/v2\/media?parent=275141"}],"wp:term":[{"taxonomy":"category","embeddable":true,"href":"https:\/\/www.europesays.com\/fr\/wp-json\/wp\/v2\/categories?post=275141"},{"taxonomy":"post_tag","embeddable":true,"href":"https:\/\/www.europesays.com\/fr\/wp-json\/wp\/v2\/tags?post=275141"}],"curies":[{"name":"wp","href":"https:\/\/api.w.org\/{rel}","templated":true}]}}