{"id":275144,"date":"2025-07-26T12:07:15","date_gmt":"2025-07-26T12:07:15","guid":{"rendered":"https:\/\/www.europesays.com\/fr\/275144\/"},"modified":"2025-07-26T12:07:15","modified_gmt":"2025-07-26T12:07:15","slug":"des-tags-visent-des-militants-pro-palestiniens","status":"publish","type":"post","link":"https:\/\/www.europesays.com\/fr\/275144\/","title":{"rendered":"des tags visent des militants pro-palestiniens"},"content":{"rendered":"<p>C\u2019est un drapeau visible depuis le balcon de l\u2019appartement d\u2019un immeuble de la rue Oberlin, dans <a href=\"https:\/\/www.dna.fr\/environnement\/2025\/01\/15\/la-municipalite-a-t-elle-interdit-les-jeux-de-ballon-dans-les-parcs\" target=\"_blank\" rel=\"noopener\">le quartier du Contades<\/a> \u00e0 Strasbourg, \u00e0 quelques m\u00e8tres de la synagogue de la Paix, et une banderole pour la solidarit\u00e9 avec <a href=\"https:\/\/www.dna.fr\/france-monde\/palestine\" target=\"_blank\" rel=\"noopener\">la Palestine<\/a> , qui en a agac\u00e9 certains. Le rouge, le blanc, le vert et le noir flottant dans l\u2019air ont inspir\u00e9 l\u2019acte de vandalisme qui s\u2019est produit dans la nuit de jeudi\u00a024 \u00e0 vendredi 25\u00a0juillet\u00a0: des messages insultants et anti-Palestine\u00a0ont \u00e9t\u00e9 tagu\u00e9s en grosses lettres rouges sur la fa\u00e7ade de l\u2019immeuble avec un drapeau fran\u00e7ais marqu\u00e9 du ruban jaune.<\/p>\n<p>Ce vendredi matin, Gabriel Cardoen s\u2019est r\u00e9veill\u00e9 en d\u00e9couvrant avec stupeur ces mots sur les murs de l\u00e0 o\u00f9 il vit en colocation avec cinq autres personnes. \u00ab\u00a0C\u2019est d\u00e9j\u00e0 arriv\u00e9 par le pass\u00e9. Des personnes s\u2019\u00e9taient introduites pour coller des autocollants et taguer la porte de notre appartement\u00a0\u00bb, se souvient-il. Son immeuble n\u2019a pas \u00e9t\u00e9 pris pour cible par hasard. Gabriel et un de ses colocataires font partie d\u2019 <a href=\"https:\/\/www.dna.fr\/faits-divers-justice\/2025\/05\/03\/une-centaine-de-manifestants-contre-la-dissolution-d-urgence-palestine-et-de-la-jeune-garde\" target=\"_blank\" rel=\"noopener\">Urgence Palestine<\/a> , un collectif qui d\u00e9nonce <a href=\"https:\/\/www.dna.fr\/defense-guerre-conflit\/2025\/07\/23\/une-famine-de-masse-se-propage-une-centaine-d-ong-tirent-la-sonnette-d-alarme\" target=\"_blank\" rel=\"noopener\">le \u00ab\u00a0g\u00e9nocide \u00e0 Gaza\u00a0\u00bb<\/a> et soutient l\u2019auto-d\u00e9termination du peuple palestinien.<\/p>\n<p>  Une peur grandissante et un d\u00e9p\u00f4t de plainte<\/p>\n<p>Le propri\u00e9taire de l\u2019immeuble a rapidement pr\u00e9venu la police et fait appel au service de nettoyage qui a \u00f4t\u00e9 toutes traces de peintures dans la matin\u00e9e. Gabriel Cardoen a cependant d\u00e9cid\u00e9 de porter plainte\u00a0: \u00ab\u00a0J\u2019\u00e9tais d\u00e9j\u00e0 un peu sur mes gardes dans la rue, comme c\u2019\u00e9tait d\u00e9j\u00e0 arriv\u00e9. Mais je n\u2019ai encore jamais eu de souci personnellement. L\u00e0, \u00e7a prend une ampleur plus grande. Je me demande si des sionistes organis\u00e9s seraient susceptibles de vouloir s\u2019en prendre directement \u00e0 nous.\u00a0\u00bb<\/p>\n<p>Un tag similaire au drapeau fran\u00e7ais avec ruban jaune a d\u00e9j\u00e0 \u00e9t\u00e9 r\u00e9alis\u00e9 dans le 11 e arrondissement de Paris mi-juin. Il avait recouvert un graff avec le drapeau palestinien et l\u2019inscription \u00ab\u00a0Urgence Palestine\u00a0\u00bb et symboliserait un soutien aux otages isra\u00e9liens.<\/p>\n<p>  \u00ab\u00a0ll y a une guerre effroyable au Moyen Orient et \u00e7a ne sert \u00e0 rien d\u2019importer le conflit\u00a0\u00bb<\/p>\n<p>Pierre Haas, d\u00e9l\u00e9gu\u00e9 du <a href=\"https:\/\/www.dna.fr\/faits-divers-justice\/2025\/07\/20\/ils-ont-agi-au-risque-de-leur-securite-parfois-de-leur-vie-un-hommage-aux-justes-de-france\" target=\"_blank\" rel=\"noopener\">Conseil repr\u00e9sentatif des institutions juives de France<\/a> (Crif) en Alsace, n\u2019est pas surpris d\u2019une telle r\u00e9action aux soutiens pro-Palestiniens, affich\u00e9s aux fen\u00eatres d\u2019un appartement du quartier du Contades. \u00ab\u00a0Je le d\u00e9plore mais je comprends. Afficher un drapeau en soutien \u00e0 la Palestine \u00e0 l\u2019ext\u00e9rieur, en plein dans ce quartier o\u00f9 il y a une grande communaut\u00e9 juive, c\u2019est de la provocation. Je ne suis pas surpris qu\u2019il y ait des gens qui r\u00e9agissent \u00e0 force d\u2019\u00eatre insult\u00e9s. Il faut comprendre que la communaut\u00e9 juive ne va pas ainsi se laisser provoquer sans r\u00e9agir.\u00a0\u00bb<\/p>\n<p>\u00ab\u00a0Toutes les semaines, il y a des manifestations parce que le conflit a \u00e9t\u00e9 exploit\u00e9 politiquement.\u00a0\u00bb En outre, \u00ab\u00a0les gens ont pris l\u2019habitude des r\u00e9seaux sociaux sur lesquels on peut s\u2019exprimer de fa\u00e7on tr\u00e8s agressive. Certaines personnes croient qu\u2019elles peuvent en faire autant dans la vraie vie. Ce qui n\u2019est pas le cas.\u00a0\u00bb<\/p>\n<p>\u00ab\u00a0Je ne souhaite pas qu\u2019il y ait une escalade l\u00e0-dedans mais c\u2019est le risque, met en garde Pierre Haas. Il faut revenir \u00e0 la raison. Il y a une guerre effroyable au Moyen Orient et \u00e7a ne sert \u00e0 rien d\u2019importer le conflit, \u00e7a n\u2019aide aucune des parties.\u00a0\u00bb<\/p>\n<p>La police a ouvert une enqu\u00eate pour faire la lumi\u00e8re sur cet acte de vandalisme.<\/p>\n","protected":false},"excerpt":{"rendered":"C\u2019est un drapeau visible depuis le balcon de l\u2019appartement d\u2019un immeuble de la rue Oberlin, dans le quartier&hellip;\n","protected":false},"author":2,"featured_media":275145,"comment_status":"","ping_status":"","sticky":false,"template":"","format":"standard","meta":{"footnotes":""},"categories":[2820],"tags":[1111,11,271,272,2880,1777,674,274,107,1011,27,775,12,25,640,2879],"class_list":{"0":"post-275144","1":"post","2":"type-post","3":"status-publish","4":"format-standard","5":"has-post-thumbnail","7":"category-strasbourg","8":"tag-actu","9":"tag-actualites","10":"tag-crime","11":"tag-delit-et-contravention","12":"tag-edition-strasbourg","13":"tag-eu","14":"tag-europe","15":"tag-faits-divers-justice","16":"tag-fil-info","17":"tag-fr","18":"tag-france","19":"tag-grand-est","20":"tag-news","21":"tag-republique-francaise","22":"tag-strasbourg","23":"tag-strasbourg-ville"},"share_on_mastodon":{"url":"https:\/\/pubeurope.com\/@fr\/114919456397079590","error":""},"_links":{"self":[{"href":"https:\/\/www.europesays.com\/fr\/wp-json\/wp\/v2\/posts\/275144","targetHints":{"allow":["GET"]}}],"collection":[{"href":"https:\/\/www.europesays.com\/fr\/wp-json\/wp\/v2\/posts"}],"about":[{"href":"https:\/\/www.europesays.com\/fr\/wp-json\/wp\/v2\/types\/post"}],"author":[{"embeddable":true,"href":"https:\/\/www.europesays.com\/fr\/wp-json\/wp\/v2\/users\/2"}],"replies":[{"embeddable":true,"href":"https:\/\/www.europesays.com\/fr\/wp-json\/wp\/v2\/comments?post=275144"}],"version-history":[{"count":0,"href":"https:\/\/www.europesays.com\/fr\/wp-json\/wp\/v2\/posts\/275144\/revisions"}],"wp:featuredmedia":[{"embeddable":true,"href":"https:\/\/www.europesays.com\/fr\/wp-json\/wp\/v2\/media\/275145"}],"wp:attachment":[{"href":"https:\/\/www.europesays.com\/fr\/wp-json\/wp\/v2\/media?parent=275144"}],"wp:term":[{"taxonomy":"category","embeddable":true,"href":"https:\/\/www.europesays.com\/fr\/wp-json\/wp\/v2\/categories?post=275144"},{"taxonomy":"post_tag","embeddable":true,"href":"https:\/\/www.europesays.com\/fr\/wp-json\/wp\/v2\/tags?post=275144"}],"curies":[{"name":"wp","href":"https:\/\/api.w.org\/{rel}","templated":true}]}}