{"id":275146,"date":"2025-07-26T12:08:13","date_gmt":"2025-07-26T12:08:13","guid":{"rendered":"https:\/\/www.europesays.com\/fr\/275146\/"},"modified":"2025-07-26T12:08:13","modified_gmt":"2025-07-26T12:08:13","slug":"rc-strasbourg-look-retro-le-maillot-exterieur-2025-26-est-sorti","status":"publish","type":"post","link":"https:\/\/www.europesays.com\/fr\/275146\/","title":{"rendered":"RC Strasbourg. Look r\u00e9tro, le maillot ext\u00e9rieur 2025-26 est sorti"},"content":{"rendered":"<p><img fetchpriority=\"high\" decoding=\"async\" width=\"620\" height=\"413\" src=\"https:\/\/www.europesays.com\/fr\/wp-content\/uploads\/2025\/07\/Maillot-strasbourg-620x413.jpeg\" alt=\"RC Strasbourg. Look r\u00e9tro, le maillot ext\u00e9rieur 2025-26 est sorti\" class=\"wp-image-374643\"  \/>Au tour de Strasbourg de d\u00e9voiler son maillot ext\u00e9rieur.<\/p>\n<p>Le <a href=\"https:\/\/sportune.20minutes.fr\/rc-strasbourg-rcsa\" target=\"_blank\" rel=\"noopener\">Racing Club de Strasbourg Alsace<\/a> et son \u00e9quipementier ont d\u00e9voil\u00e9 la nouvelle tenue ext\u00e9rieure pour la saison 2025-2026. Les joueurs alsaciens l\u2019\u00e9trenneront \u00e0 l\u2019occasion du match amical contre les Turcs de Galatasaray, pr\u00e9vu ce samedi soir.<\/p>\n<p>\t\tTous les maillots de la Ligue 1 2025-2026 : Angers SCO \u00e0 domicile<\/p>\n<p>\t\t<a href=\"https:\/\/www.europesays.com\/fr\/wp-content\/uploads\/2025\/07\/Maillot-Angers-SCO.jpg\" title=\" \" data-src=\"https:\/\/www.europesays.com\/fr\/wp-content\/uploads\/2025\/07\/Maillot-Angers-SCO.jpg\" data-thumbnail=\"https:\/\/sportune.20minutes.fr\/wp-content\/gallery\/les-maillots-de-la-ligue-1-2024-2025\/thumbs\/thumbs_Maillot-Angers-SCO.jpg\" data-image-id=\"14153\" data-title=\"Tous les maillots de la Ligue 1 2025-2026 : Angers SCO \u00e0 domicile\" data-description=\" \" class=\"shutterset_50bfc3920f621e744629a2015ff5dc1f\"><br \/>\n\t\t\t<img decoding=\"async\" title=\"Tous les maillots de la Ligue 1 2025-2026 : Angers SCO \u00e0 domicile\" alt=\"Tous les maillots de la Ligue 1 2025-2026 : Angers SCO \u00e0 domicile\" src=\"https:\/\/www.europesays.com\/fr\/wp-content\/uploads\/2025\/07\/Maillot-Angers-SCO.jpg\" class=\"lazyload\"\/><br \/>\n\t\t<\/a><\/p>\n<p>La tunique arbore une teinte blanc cass\u00e9 agr\u00e9ment\u00e9e d\u2019une double bande traversante reprenant les couleurs traditionnelles du club strasbourgeois. Le maillot se caract\u00e9rise par un col polo qui renforce l\u2019aspect vintage. Cette cr\u00e9ation m\u00e9lange esth\u00e9tique r\u00e9tro et coupe moderne, s\u2019inscrivant dans la tendance actuelle des \u00e9quipementiers sportifs qui puisent dans l\u2019histoire des clubs pour concevoir leurs nouvelles collections.<\/p>\n<p>Le maillot est fabriqu\u00e9 en polyester recycl\u00e9, dans le cadre de la politique de d\u00e9veloppement durable du partenaire technique du <a href=\"https:\/\/sportune.20minutes.fr\/rc-strasbourg-rcsa\" target=\"_blank\" rel=\"noopener\">RCSA<\/a>. La nouvelle tenue est d\u2019ores et d\u00e9j\u00e0 disponible \u00e0 la vente dans les points de vente officiels physiques et digitaux du <a href=\"https:\/\/sportune.20minutes.fr\/rc-strasbourg-rcsa\" target=\"_blank\" rel=\"noopener\">Racing Club de Strasbourg Alsace<\/a>.<\/p>\n","protected":false},"excerpt":{"rendered":"Au tour de Strasbourg de d\u00e9voiler son maillot ext\u00e9rieur. Le Racing Club de Strasbourg Alsace et son \u00e9quipementier&hellip;\n","protected":false},"author":2,"featured_media":275147,"comment_status":"","ping_status":"","sticky":false,"template":"","format":"standard","meta":{"footnotes":""},"categories":[2820],"tags":[1111,11,1777,674,1011,27,775,10274,12,4448,25,640],"class_list":{"0":"post-275146","1":"post","2":"type-post","3":"status-publish","4":"format-standard","5":"has-post-thumbnail","7":"category-strasbourg","8":"tag-actu","9":"tag-actualites","10":"tag-eu","11":"tag-europe","12":"tag-fr","13":"tag-france","14":"tag-grand-est","15":"tag-maillot","16":"tag-news","17":"tag-rc-strasbourg","18":"tag-republique-francaise","19":"tag-strasbourg"},"share_on_mastodon":{"url":"https:\/\/pubeurope.com\/@fr\/114919460372335301","error":""},"_links":{"self":[{"href":"https:\/\/www.europesays.com\/fr\/wp-json\/wp\/v2\/posts\/275146","targetHints":{"allow":["GET"]}}],"collection":[{"href":"https:\/\/www.europesays.com\/fr\/wp-json\/wp\/v2\/posts"}],"about":[{"href":"https:\/\/www.europesays.com\/fr\/wp-json\/wp\/v2\/types\/post"}],"author":[{"embeddable":true,"href":"https:\/\/www.europesays.com\/fr\/wp-json\/wp\/v2\/users\/2"}],"replies":[{"embeddable":true,"href":"https:\/\/www.europesays.com\/fr\/wp-json\/wp\/v2\/comments?post=275146"}],"version-history":[{"count":0,"href":"https:\/\/www.europesays.com\/fr\/wp-json\/wp\/v2\/posts\/275146\/revisions"}],"wp:featuredmedia":[{"embeddable":true,"href":"https:\/\/www.europesays.com\/fr\/wp-json\/wp\/v2\/media\/275147"}],"wp:attachment":[{"href":"https:\/\/www.europesays.com\/fr\/wp-json\/wp\/v2\/media?parent=275146"}],"wp:term":[{"taxonomy":"category","embeddable":true,"href":"https:\/\/www.europesays.com\/fr\/wp-json\/wp\/v2\/categories?post=275146"},{"taxonomy":"post_tag","embeddable":true,"href":"https:\/\/www.europesays.com\/fr\/wp-json\/wp\/v2\/tags?post=275146"}],"curies":[{"name":"wp","href":"https:\/\/api.w.org\/{rel}","templated":true}]}}