{"id":275155,"date":"2025-07-26T12:14:16","date_gmt":"2025-07-26T12:14:16","guid":{"rendered":"https:\/\/www.europesays.com\/fr\/275155\/"},"modified":"2025-07-26T12:14:16","modified_gmt":"2025-07-26T12:14:16","slug":"la-gironde-a-petits-pas-pour-rompre-la-solitude-estivale-de-ses-seniors","status":"publish","type":"post","link":"https:\/\/www.europesays.com\/fr\/275155\/","title":{"rendered":"La Gironde \u00e0 petits pas pour rompre la solitude estivale de ses seniors"},"content":{"rendered":"<p class=\"wp-block-post-excerpt__excerpt\">Au c\u0153ur de l\u2019\u00e9t\u00e9, les personnes \u00e2g\u00e9es se retrouvent souvent esseul\u00e9es : les proches partent en vacances et les administrations fonctionnent au ralenti. De la permanence des Petits Fr\u00e8res des Pauvres au v\u00e9lo-taxi pour seniors, des initiatives sont organis\u00e9es \u00e0 Bordeaux et en Gironde pour combattre l\u2019isolement. Elles restent insuffisantes pour soutenir ce public vuln\u00e9rable souvent invisibilis\u00e9. <\/p>\n<p><a href=\"https:\/\/rue89bordeaux.com\/category\/kiosque-abonne\/\" rel=\"tag nofollow noopener\" target=\"_blank\">\u00c9dition abonn\u00e9s<\/a>, <a href=\"https:\/\/rue89bordeaux.com\/category\/reportage\/\" rel=\"tag nofollow noopener\" target=\"_blank\">Reportage<\/a><\/p>\n<p>Isaure Dimanov<\/p>\n<p>Publi\u00e9 le 26 juillet 2025\u00a0\u00a0\u00b7\u00a0\u00a0<\/p>\n<p>Imprim\u00e9 le 26 juillet 2025 \u00e0 14h14\u00a0\u00a0\u00b7\u00a0\u00a0<\/p>\n<p>\t\t\t\t\t6\u00a0minutes\n<\/p>\n<p>Une musique, aux airs de Pascal Obispo s\u2019\u00e9chappe du local des Petits Fr\u00e8res des Pauvres, rue Bouqui\u00e8re \u00e0 Bordeaux. A l\u2019int\u00e9rieur, quatre personnes \u00e2g\u00e9es et trois b\u00e9n\u00e9voles se rem\u00e9morent de vieilles chansons et devinent les paroles. Sourires aux l\u00e8vres, tout le monde se pr\u00eate au jeu.<\/p>\n<p>Comme tous les jeudis apr\u00e8s-midi, l\u2019antenne de Bordeaux Centre assure une permanence et ouvre ses portes aux seniors qu\u2019elle accompagne. De quoi sociabiliser et garder le moral au c\u0153ur de l\u2019\u00e9t\u00e9. En plein milieu d\u2019apr\u00e8s-midi, alors qu\u2019il fait trente degr\u00e9s dehors, le local se maintient au frais. Un co\u00fbt de chaud ? Les b\u00e9n\u00e9voles sortent des glaces et des verres d\u2019eau. <\/p>\n<p>Entre deux blagues, Patrick, octog\u00e9naire et b\u00e9n\u00e9ficiaire depuis plus 20 ans, confie qu\u2019il rate rarement le rendez-vous du jeudi apr\u00e8s-midi, notamment pendant les vacances : <\/p>\n<blockquote class=\"wp-block-quote is-layout-flow wp-block-quote-is-layout-flow\">\n<p>\u00ab\u00a0D\u00e8s que je peux m\u2019\u00e9chapper de la RPA [R\u00e9sidence pour personnes \u00e2g\u00e9es, NDLR], d\u00e8s que \u00e7a ne va pas, je viens ici. Ils arrivent m\u00eame \u00e0 me sortir du Tour de France, et pourtant je suis un fervent spectateur.\u00a0\u00bb<\/p>\n<\/blockquote>\n<p>D\u2019ordinaire, en plus de la permanence, l\u2019association accompagne chaque b\u00e9n\u00e9ficiaire en organisant des visites hebdomadaires. Pendant les vacances scolaires, l\u2019organisation est perturb\u00e9e. <\/p>\n<p>Rue89 Bordeaux a besoin de vos dons<\/p>\n<p>Mille mercis \u00e0 nos 131 donateurs ! Gr\u00e2ce \u00e0 vous, nous avons atteint notre objectif initial de 10\u202f000\u202f\u20ac. Ce soutien va nous permettre de renflouer notre tr\u00e9sorerie, apr\u00e8s le d\u00e9sengagement en 2025 d\u2019un annonceur important \u2013 Bordeaux M\u00e9tropole \u2013 et de r\u00e9gler nos factures en attente.<br \/>Cependant, la cagnotte reste ouverte jusqu\u2019\u00e0 fin septembre afin de vous laisser l\u2019occasion de continuer \u00e0 soutenir votre m\u00e9dia ind\u00e9pendant. Chaque don est d\u00e9ductible des imp\u00f4ts \u00e0 hauteur de 66\u202f%. En recevoir davantage nous permettra de consolider nos finances, d\u2019envisager une rentr\u00e9e sereine, et surtout, d\u2019enrichir nos contenus et de renforcer notre r\u00e9daction.<\/p>\n<p><\/p>\n<p>Lisez la suite pour 1\u20ac<\/p>\n<p>En profitant de notre offre d\u2019essai, r\u00e9siliable en ligne \u00e0 tout moment.<\/p>\n<p><strong>Pour acc\u00e9der \u00e0 cet article, il faut \u00eatre abonn\u00e9. Pourquoi\u00a0?<\/strong><\/p>\n<p>Les informations exclusives, les enqu\u00eates et certains reportages constituent l\u2019\u00e9dition abonn\u00e9s de Rue89 Bordeaux. En tant que m\u00e9dia ind\u00e9pendant, nos ressources proviennent de nos lectrices et lecteurs abonn\u00e9s, aucun milliardaire ni groupe bancaire ne nous finance.<\/p>\n<p>Nous demandons \u00e0 nos lecteurs une faible contribution pour disposer \u00e0 Bordeaux d\u2019un m\u00e9dia critique des pouvoirs, capable d\u2019enqu\u00eater et de traiter les enjeux locaux en profondeur et dans la dur\u00e9e.<\/p>\n<p>Chaque abonnement compte. Toutes nos recettes sont investies dans un journalisme local ind\u00e9pendant, dont la force et la r\u00e9activit\u00e9 d\u00e9pend directement du nombre d\u2019abonn\u00e9s actifs.<\/p>\n<p class=\"has-text-align-right\"><strong><a href=\"https:\/\/rue89bordeaux.com\/?p=128375\" data-type=\"page\" data-id=\"0\" rel=\"nofollow noopener\" target=\"_blank\">Je m\u2019abonne\u00a0 <\/a><\/strong><\/p>\n<p>\t\t\t<a href=\"https:\/\/rue89bordeaux.com\/\" class=\"custom-logo-link\" rel=\"home nofollow noopener\" target=\"_blank\"><img loading=\"lazy\" decoding=\"async\" width=\"290\" height=\"49\" src=\"https:\/\/www.europesays.com\/fr\/wp-content\/uploads\/2025\/04\/logo.png\" class=\"custom-logo\" alt=\"Rue89Bordeaux Enqu\u00eates et informations de proximit\u00e9\"  \/><\/a><\/p>\n<p>\n\t\t\t\tAbonnez-vous maintenant pour suivre l\u2019actualit\u00e9 locale.\t\t\t<\/p>\n<p class=\"font-bold font-serif-heading mb-2 text-4xl\">\n\t\t\t\t\t\tL\u2019investigation locale \u00e0 port\u00e9e de main.\n\t\t\t\t\t<\/p>\n<p>\n\t\t\t\t\t\tAbonnez-vous et profitez d\u2019un acc\u00e8s illimit\u00e9 \u00e0 Rue89Bordeaux. Annulez quand vous voulez.\n\t\t\t\t\t<\/p>\n<p class=\"xl:text-sm\">\n\t\t\t\t\tD\u00e9j\u00e0 abonn\u00e9\u00a0?<br \/>\n\t\t\t\t\t<a class=\"border border-transparent text-center transition-colors duration-instant focus:border-info focus:rounded focus:shadow-focus cursor-pointer text-black hover:text-gray-700 active:bg-black-700 font-semibold inline-block\" href=\"https:\/\/rue89bordeaux.com\/user\/login\/?redirect=\/2025\/07\/la-gironde-a-petits-pas-pour-rompre-la-solitude-estivale-de-ses-seniors\/\" rel=\"nofollow noopener\" target=\"_blank\">Connectez-vous<\/a>\t\t\t\t<\/p>\n<p>\n\t\t\t\tChoisissez votre formule\u00a0:\n\t\t\t<\/p>\n<p>\t\t\t\tFermer<\/p>\n","protected":false},"excerpt":{"rendered":"Au c\u0153ur de l\u2019\u00e9t\u00e9, les personnes \u00e2g\u00e9es se retrouvent souvent esseul\u00e9es : les proches partent en vacances et&hellip;\n","protected":false},"author":2,"featured_media":275156,"comment_status":"","ping_status":"","sticky":false,"template":"","format":"standard","meta":{"footnotes":""},"categories":[2817],"tags":[1111,11,1997,1777,674,1011,27,2905,26903,12,2219,25,3552],"class_list":{"0":"post-275155","1":"post","2":"type-post","3":"status-publish","4":"format-standard","5":"has-post-thumbnail","7":"category-bordeaux","8":"tag-actu","9":"tag-actualites","10":"tag-bordeaux","11":"tag-eu","12":"tag-europe","13":"tag-fr","14":"tag-france","15":"tag-gironde","16":"tag-isolement","17":"tag-news","18":"tag-nouvelle-aquitaine","19":"tag-republique-francaise","20":"tag-seniors"},"share_on_mastodon":{"url":"https:\/\/pubeurope.com\/@fr\/114919483881970633","error":""},"_links":{"self":[{"href":"https:\/\/www.europesays.com\/fr\/wp-json\/wp\/v2\/posts\/275155","targetHints":{"allow":["GET"]}}],"collection":[{"href":"https:\/\/www.europesays.com\/fr\/wp-json\/wp\/v2\/posts"}],"about":[{"href":"https:\/\/www.europesays.com\/fr\/wp-json\/wp\/v2\/types\/post"}],"author":[{"embeddable":true,"href":"https:\/\/www.europesays.com\/fr\/wp-json\/wp\/v2\/users\/2"}],"replies":[{"embeddable":true,"href":"https:\/\/www.europesays.com\/fr\/wp-json\/wp\/v2\/comments?post=275155"}],"version-history":[{"count":0,"href":"https:\/\/www.europesays.com\/fr\/wp-json\/wp\/v2\/posts\/275155\/revisions"}],"wp:featuredmedia":[{"embeddable":true,"href":"https:\/\/www.europesays.com\/fr\/wp-json\/wp\/v2\/media\/275156"}],"wp:attachment":[{"href":"https:\/\/www.europesays.com\/fr\/wp-json\/wp\/v2\/media?parent=275155"}],"wp:term":[{"taxonomy":"category","embeddable":true,"href":"https:\/\/www.europesays.com\/fr\/wp-json\/wp\/v2\/categories?post=275155"},{"taxonomy":"post_tag","embeddable":true,"href":"https:\/\/www.europesays.com\/fr\/wp-json\/wp\/v2\/tags?post=275155"}],"curies":[{"name":"wp","href":"https:\/\/api.w.org\/{rel}","templated":true}]}}