{"id":275161,"date":"2025-07-26T12:17:09","date_gmt":"2025-07-26T12:17:09","guid":{"rendered":"https:\/\/www.europesays.com\/fr\/275161\/"},"modified":"2025-07-26T12:17:09","modified_gmt":"2025-07-26T12:17:09","slug":"45-minutes-a-larret-entre-toulouse-et-narbonne","status":"publish","type":"post","link":"https:\/\/www.europesays.com\/fr\/275161\/","title":{"rendered":"45 minutes \u00e0 l&rsquo;arr\u00eat entre Toulouse et Narbonne"},"content":{"rendered":"<p>            Par<br \/>\n        <strong><br \/>\n            <a href=\"https:\/\/actu.fr\/auteur\/guillaume-laurens\" title=\"Consulter tous les articles de Guillaume Laurens\" target=\"_blank\" rel=\"noopener\">Guillaume Laurens<\/a><br \/>\n        <\/strong><\/p>\n<p>        Publi\u00e9 le<\/p>\n<p>            26 juil. 2025 \u00e0 13h48        <\/p>\n<p>C\u2019est l\u2019un des deux gros chass\u00e9s-crois\u00e9s entre juillettistes et ao\u00fbtiens\u2026 Ce <strong>samedi 26 juillet 2025<\/strong> est sans surprise tr\u00e8s charg\u00e9 sur les routes et autoroutes autour de <a href=\"https:\/\/actu.fr\/toulouse\/\" target=\"_blank\" rel=\"noopener\"><strong>Toulouse<\/strong> <\/a>et plus largement en Occitanie. De gros bouchons sont in\u00e9vitables et l\u2019essentiel des difficult\u00e9s se d\u00e9roule, \u00e0 la mi-journ\u00e9e, sur l\u2019A61 entre la Ville rose et Narbonne. Suivez l\u2019essentiel de la situation en temps r\u00e9el avec Actu Toulouse.<\/p>\n<p>Une dizaine d\u2019accidents en fin de matin\u00e9e, dont deux entre Toulouse et Narbonne<\/p>\n<p class=\" wall-content\"><strong>\u00ab\u00a0Une dizaine d\u2019accidents\u00a0\u00bb<\/strong> est survenue ce samedi matin dans les autoroutes du quart sud-ouest de la France, annonce peu apr\u00e8s 13 heures Vinci Autoroutes, qui signale notamment <strong>\u00ab\u00a0deux accidents entre Castelnaudary et Carcassonne<\/strong> en fin de matin\u00e9e\u00a0\u00bb, qui ont s\u00e9rieusement compliqu\u00e9 les conditions de circulation.<\/p>\n<p>45 minutes de bouchons entre Toulouse et la M\u00e9diterran\u00e9e<\/p>\n<p class=\" wall-content\">Bien que sans gravit\u00e9, ces deux accidents sur l\u2019A61 ont entra\u00een\u00e9 <strong>des embouteillages monstres<\/strong> sur les routes et les temps de parcours sont tr\u00e8s cons\u00e9quents : \u00e0 13h30, alors que les v\u00e9hicules impliqu\u00e9s ont \u00e9t\u00e9 \u00e9vacu\u00e9s, Vinci Autoroutes \u00e9voque<strong> \u00ab\u00a045 minutes de bouchons<\/strong> entre Toulouse et la M\u00e9diterran\u00e9e\u00a0\u00bb. Comptez encore plus de deux heures pour rallier la M\u00e9diterran\u00e9e, les bouchons d\u00e9butent apr\u00e8s Carcassonne.<\/p>\n<p class=\" wall-content\">Plus loin, la circulation est \u00e9galement compliqu\u00e9e sur <strong>l\u2019A9<\/strong>, notamment sur deux secteurs en direction de Barcelone (Espagne) : sur <strong>la bifurcation avec l\u2019A61 \u00e0 Narbonne<\/strong> (Aude), et plus au nord, \u00e0 hauteur de <strong>B\u00e9ziers<\/strong> (H\u00e9rault).<\/p>\n<p class=\" wall-content\">Suivez toute l\u2019actualit\u00e9 de vos villes et m\u00e9dias favoris en vous inscrivant \u00e0 <a href=\"https:\/\/moncompte.actu.fr\" title=\"D\u00e9couvez Mon Actu\" rel=\"nofollow noopener\" data-trk=\"{&quot;cta&quot;:{&quot;action&quot;:&quot;https:\\\/\\\/moncompte.actu.fr&quot;,&quot;category&quot;:&quot;mon compte&quot;,&quot;from&quot;:&quot;article footer&quot;,&quot;name&quot;:&quot;Mon actu&quot;,&quot;type&quot;:&quot;cta&quot;}}\" target=\"_blank\">Mon Actu<\/a>.<\/p>\n<ul class=\"ac-article-tag wall-content\">\n<li><a href=\"https:\/\/actu.fr\/tag\/autoroute-61-a61\" data-trk=\"{&quot;cta&quot;:{&quot;action&quot;:&quot;Autoroute 61 (A61)&quot;,&quot;category&quot;:&quot;tag&quot;,&quot;from&quot;:&quot;article footer&quot;,&quot;name&quot;:&quot;Autoroute 61 (A61)&quot;,&quot;type&quot;:&quot;cta&quot;}}\" target=\"_blank\" rel=\"noopener\">#Autoroute 61 (A61)<\/a><\/li>\n<li><a href=\"https:\/\/actu.fr\/tag\/info-trafic\" data-trk=\"{&quot;cta&quot;:{&quot;action&quot;:&quot;Info trafic&quot;,&quot;category&quot;:&quot;tag&quot;,&quot;from&quot;:&quot;article footer&quot;,&quot;name&quot;:&quot;Info trafic&quot;,&quot;type&quot;:&quot;cta&quot;}}\" target=\"_blank\" rel=\"noopener\">#Info trafic<\/a><\/li>\n<\/ul>\n","protected":false},"excerpt":{"rendered":"Par Guillaume Laurens Publi\u00e9 le 26 juil. 2025 \u00e0 13h48 C\u2019est l\u2019un des deux gros chass\u00e9s-crois\u00e9s entre juillettistes&hellip;\n","protected":false},"author":2,"featured_media":275162,"comment_status":"","ping_status":"","sticky":false,"template":"","format":"standard","meta":{"footnotes":""},"categories":[2816],"tags":[1111,11,10437,1777,674,1011,27,803,12,2680,25,104,2312],"class_list":{"0":"post-275161","1":"post","2":"type-post","3":"status-publish","4":"format-standard","5":"has-post-thumbnail","7":"category-toulouse","8":"tag-actu","9":"tag-actualites","10":"tag-autoroute-61-a61","11":"tag-eu","12":"tag-europe","13":"tag-fr","14":"tag-france","15":"tag-info-trafic","16":"tag-news","17":"tag-occitanie","18":"tag-republique-francaise","19":"tag-societe","20":"tag-toulouse"},"share_on_mastodon":{"url":"https:\/\/pubeurope.com\/@fr\/114919495628224711","error":""},"_links":{"self":[{"href":"https:\/\/www.europesays.com\/fr\/wp-json\/wp\/v2\/posts\/275161","targetHints":{"allow":["GET"]}}],"collection":[{"href":"https:\/\/www.europesays.com\/fr\/wp-json\/wp\/v2\/posts"}],"about":[{"href":"https:\/\/www.europesays.com\/fr\/wp-json\/wp\/v2\/types\/post"}],"author":[{"embeddable":true,"href":"https:\/\/www.europesays.com\/fr\/wp-json\/wp\/v2\/users\/2"}],"replies":[{"embeddable":true,"href":"https:\/\/www.europesays.com\/fr\/wp-json\/wp\/v2\/comments?post=275161"}],"version-history":[{"count":0,"href":"https:\/\/www.europesays.com\/fr\/wp-json\/wp\/v2\/posts\/275161\/revisions"}],"wp:featuredmedia":[{"embeddable":true,"href":"https:\/\/www.europesays.com\/fr\/wp-json\/wp\/v2\/media\/275162"}],"wp:attachment":[{"href":"https:\/\/www.europesays.com\/fr\/wp-json\/wp\/v2\/media?parent=275161"}],"wp:term":[{"taxonomy":"category","embeddable":true,"href":"https:\/\/www.europesays.com\/fr\/wp-json\/wp\/v2\/categories?post=275161"},{"taxonomy":"post_tag","embeddable":true,"href":"https:\/\/www.europesays.com\/fr\/wp-json\/wp\/v2\/tags?post=275161"}],"curies":[{"name":"wp","href":"https:\/\/api.w.org\/{rel}","templated":true}]}}