{"id":275165,"date":"2025-07-26T12:20:11","date_gmt":"2025-07-26T12:20:11","guid":{"rendered":"https:\/\/www.europesays.com\/fr\/275165\/"},"modified":"2025-07-26T12:20:11","modified_gmt":"2025-07-26T12:20:11","slug":"le-marche-fabrique-a-marseille-cherche-ses-marques","status":"publish","type":"post","link":"https:\/\/www.europesays.com\/fr\/275165\/","title":{"rendered":"Le march\u00e9 \u00ab\u00a0Fabriqu\u00e9 \u00e0 Marseille\u00a0\u00bb cherche ses marques"},"content":{"rendered":"<p>\u00ab\u00a0Je suis un peu d\u00e9\u00e7ue\u00a0\u00bb, reconna\u00eet Sophie, marseillaise depuis toujours. La coach sportive, venue pour l&rsquo;occasion du quartier du Prado (8e), s&rsquo;\u00e9tonne du peu d&rsquo;exposants pr\u00e9sents pour cette deuxi\u00e8me \u00e9dition du march\u00e9 <a href=\"https:\/\/www.marseille.fr\/fabrique-marseille\" target=\"_blank\" rel=\"noopener\">\u00ab\u00a0Fabriqu\u00e9 \u00e0 Marseille\u00a0\u00bb<\/a>, le vendredi 25 juillet. Seuls neufs stands tenus par des artisans locaux sont en effet d\u00e9ploy\u00e9s sur la place du g\u00e9n\u00e9ral de Gaulle (1er), \u00e0 deux pas du Vieux-Port. Sur les \u00e9tals, divers produits sont pr\u00e9sent\u00e9s : tableaux de bois, couteaux, textiles, alcools, savons, c\u00e9ramiques et souvenirs. Une offre vari\u00e9e, mais limit\u00e9e, qui rend la d\u00e9ambulation \u00ab\u00a0un peu trop rapide\u00a0\u00bb au go\u00fbt d&rsquo;Annie, 76 ans, accompagn\u00e9e de Sweetie, son petit Yorkshire Terrier.<\/p>\n<p>Ce sont pourtant plus d&rsquo;une centaine d&rsquo;entreprises marseillaises qui ont \u00e9t\u00e9 labellis\u00e9es \u00ab\u00a0Fabriqu\u00e9 \u00e0 Marseille\u00a0\u00bb d\u00e9but 2025. Une certification d\u00e9cern\u00e9e par la Ville pour valoriser des produits cr\u00e9\u00e9s ou transform\u00e9s localement dans une d\u00e9marche sociale et environnementale responsable. \u00ab\u00a0Ce label est une excellente initiative\u00a0\u00bb pour Cyril Jacquin, qui vend sur son stand de petites cr\u00e9ations color\u00e9es r\u00e9alis\u00e9es dans le 5\u00e8me arrondissement, gr\u00e2ce \u00e0 une imprimante 3D. \u00ab\u00a0Mais c&rsquo;est vrai qu&rsquo;au niveau communication, on peut encore s&rsquo;am\u00e9liorer\u00a0\u00bb glisse le jeune cr\u00e9ateur.<\/p>\n<p>Acheter le plus possible local<\/p>\n<p>Parmi la trentaine de curieux pr\u00e9sents au march\u00e9 en fin d&rsquo;apr\u00e8s-midi, beaucoup disent \u00eatre attentifs \u00e0 l&rsquo;origine des produits qu&rsquo;ils consomment. Evelyne \u00ab\u00a0essaye d&rsquo;acheter le plus possible local\u00a0\u00bb. Pour la septuag\u00e9naire, \u00ab\u00a0c&rsquo;est important de faire travailler les artisans d&rsquo;ici\u00a0\u00bb. M\u00e9lodie, bouteille de cidre achet\u00e9e au stand La Cidrerie Marseillaise sous le bras, estime que \u00ab\u00a0l&rsquo;aspect local est un vrai argument\u00a0\u00bb. Derri\u00e8re son stand de v\u00eatements cousus main, The Oniro, Elvire Faury, compl\u00e8te : \u00ab\u00a0Beaucoup de clients, touristes ou Marseillais, nous partagent leur envie de consommer des produits locaux, mais leur difficult\u00e9 \u00e0 les trouver\u00a0\u00bb.<\/p>\n<p>Pour la couturi\u00e8re de 29 ans, le march\u00e9 \u00ab\u00a0Fabriqu\u00e9 \u00e0 Marseille\u00a0\u00bb peut ainsi \u00ab\u00a0trouver son public\u00a0\u00bb. \u00ab\u00a0On sent que c&rsquo;est le d\u00e9but, il faut que le label se fasse conna\u00eetre\u00a0\u00bb, sourit la jeune femme. Cyril Jacquin reconna\u00eet que la participation \u00ab\u00a0au niveau des commer\u00e7ants et des potentiels clients\u00a0\u00bb est encore \u00ab\u00a0un peu faible\u00a0\u00bb, mais ne s&rsquo;inqui\u00e8te pas : \u00ab\u00a0c&rsquo;est normal, progressivement, on sera plus nombreux\u00a0\u00bb. Pour la Ville, le faible nombre d&rsquo;exposants s&rsquo;explique par le fait que les entrepreneurs labellis\u00e9s sont \u00ab\u00a0de petits commer\u00e7ants, qui doivent souvent g\u00e9rer d&rsquo;autres points de vente\u00a0\u00bb. Les services municipaux estiment que la d\u00e9marche \u00ab\u00a0gagne \u00e0 \u00eatre connue\u00a0\u00bb pour que les deux prochaines \u00e9ditions du march\u00e9 \u00ab\u00a0Fabriqu\u00e9 \u00e0 Marseille\u00a0\u00bb, les 8 et 22 ao\u00fbt, \u00ab\u00a0soit un v\u00e9ritable rendez-vous\u00a0\u00bb.<\/p>\n<p>Dans le cadre de l&rsquo;\u00e9t\u00e9 marseillais, une dizaine de fabricants locaux labellis\u00e9s \u00ab\u00a0Fabriqu\u00e9 \u00e0 Marseille\u00a0\u00bb vont de nouveau exposer leurs produits les vendredis 8 et 22 ao\u00fbt, place G\u00e9n\u00e9ral de Gaulle (1er).<\/p>\n","protected":false},"excerpt":{"rendered":"\u00ab\u00a0Je suis un peu d\u00e9\u00e7ue\u00a0\u00bb, reconna\u00eet Sophie, marseillaise depuis toujours. La coach sportive, venue pour l&rsquo;occasion du quartier&hellip;\n","protected":false},"author":2,"featured_media":275166,"comment_status":"","ping_status":"","sticky":false,"template":"","format":"standard","meta":{"footnotes":""},"categories":[2814],"tags":[17,1111,11,1809,1777,674,22842,1011,27,2089,10176,884,12,882,16,25,2407],"class_list":{"0":"post-275165","1":"post","2":"type-post","3":"status-publish","4":"format-standard","5":"has-post-thumbnail","7":"category-marseille","8":"tag-17","9":"tag-actu","10":"tag-actualites","11":"tag-cherche","12":"tag-eu","13":"tag-europe","14":"tag-fabrique","15":"tag-fr","16":"tag-france","17":"tag-marche","18":"tag-marques","19":"tag-marseille","20":"tag-news","21":"tag-provence-alpes-cote-dazur","22":"tag-region","23":"tag-republique-francaise","24":"tag-ses"},"share_on_mastodon":{"url":"https:\/\/pubeurope.com\/@fr\/114919507572034175","error":""},"_links":{"self":[{"href":"https:\/\/www.europesays.com\/fr\/wp-json\/wp\/v2\/posts\/275165","targetHints":{"allow":["GET"]}}],"collection":[{"href":"https:\/\/www.europesays.com\/fr\/wp-json\/wp\/v2\/posts"}],"about":[{"href":"https:\/\/www.europesays.com\/fr\/wp-json\/wp\/v2\/types\/post"}],"author":[{"embeddable":true,"href":"https:\/\/www.europesays.com\/fr\/wp-json\/wp\/v2\/users\/2"}],"replies":[{"embeddable":true,"href":"https:\/\/www.europesays.com\/fr\/wp-json\/wp\/v2\/comments?post=275165"}],"version-history":[{"count":0,"href":"https:\/\/www.europesays.com\/fr\/wp-json\/wp\/v2\/posts\/275165\/revisions"}],"wp:featuredmedia":[{"embeddable":true,"href":"https:\/\/www.europesays.com\/fr\/wp-json\/wp\/v2\/media\/275166"}],"wp:attachment":[{"href":"https:\/\/www.europesays.com\/fr\/wp-json\/wp\/v2\/media?parent=275165"}],"wp:term":[{"taxonomy":"category","embeddable":true,"href":"https:\/\/www.europesays.com\/fr\/wp-json\/wp\/v2\/categories?post=275165"},{"taxonomy":"post_tag","embeddable":true,"href":"https:\/\/www.europesays.com\/fr\/wp-json\/wp\/v2\/tags?post=275165"}],"curies":[{"name":"wp","href":"https:\/\/api.w.org\/{rel}","templated":true}]}}