{"id":275172,"date":"2025-07-26T12:26:09","date_gmt":"2025-07-26T12:26:09","guid":{"rendered":"https:\/\/www.europesays.com\/fr\/275172\/"},"modified":"2025-07-26T12:26:09","modified_gmt":"2025-07-26T12:26:09","slug":"voici-les-stations-de-metro-qui-seront-fermees-ce-dimanche","status":"publish","type":"post","link":"https:\/\/www.europesays.com\/fr\/275172\/","title":{"rendered":"voici les stations de m\u00e9tro qui seront ferm\u00e9es ce dimanche"},"content":{"rendered":"<p>            Par<br \/>\n        <strong><br \/>\n            <a href=\"https:\/\/actu.fr\/auteur\/antoine-grotteria02\" title=\"Consulter tous les articles de Antoine Grotteria\" target=\"_blank\" rel=\"noopener\">Antoine Grotteria<\/a><br \/>\n        <\/strong><\/p>\n<p>        Publi\u00e9 le<\/p>\n<p>            26 juil. 2025 \u00e0 13h32        <\/p>\n<p>Une \u00e9tape extraordinaire et un m\u00e9tro \u00e0 l\u2019arr\u00eat dans certains quartiers. Ce dimanche 27\u00a0juillet 2025, le <a href=\"https:\/\/actu.fr\/tour-de-france\/\" target=\"_blank\" rel=\"noopener\">Tour de France<\/a> revient \u00e0 <a href=\"https:\/\/actu.fr\/paris\/\" target=\"_blank\" rel=\"noopener\">Paris<\/a> pour la derni\u00e8re \u00e9tape de la 112e \u00e9dition. Pens\u00e9 comme une <strong>r\u00e9plique de la course olympique<\/strong>, le trac\u00e9 escamotera<a href=\"https:\/\/actu.fr\/ile-de-france\/paris_75056\/paris-heure-d-arrivee-des-coureurs-rues-fermees-tout-savoir-sur-le-passage-du-tour-de-france-a-montmartre_62940373.html\" target=\"_blank\" rel=\"noopener\"> la butte Montmartre<\/a> et ses pav\u00e9s historiques, avant de s\u2019achever sur l\u2019avenue des <a href=\"https:\/\/actu.fr\/tag\/champs-elysees\" target=\"_blank\" rel=\"noopener\">Champs-\u00c9lys\u00e9es<\/a>. De quoi conf\u00e9rer de belles images et s\u00e9duire l\u2019assistance.<\/p>\n<p>D\u00e8s 13\u00a0heures, les stations pr\u00e8s de Montmartre ferm\u00e9es<\/p>\n<p class=\" wall-content\">Pour cet \u00e9v\u00e9nement, la <a href=\"https:\/\/actu.fr\/tag\/prefecture-de-police-de-paris\" target=\"_blank\" rel=\"noopener\">pr\u00e9fecture de Police de Paris<\/a> a d\u00e9cid\u00e9 de fermer <strong>plusieurs stations<\/strong> de <a href=\"https:\/\/actu.fr\/tag\/metro\" target=\"_blank\" rel=\"noopener\">m\u00e9tro<\/a> par mesures de s\u00e9curit\u00e9, comme elle l\u2019a indiqu\u00e9 dans un communiqu\u00e9 consult\u00e9 par actu Paris. Ainsi, aucun train ne desservira les <strong>Tuileries<\/strong>, la <strong>Concorde<\/strong>, les <strong>Champs-\u00c9lys\u00e9es<\/strong>, <strong>Cl\u00e9menceau<\/strong>, <strong>Franklin D. Roosevelt<\/strong>, <strong>George V<\/strong> et <strong>Charles de Gaulle Etoile<\/strong>. L\u2019interdiction s\u2019applique pour la journ\u00e9e. Sur le r\u00e9seau social X, le Groupe de protection et de s\u00e9curit\u00e9 des r\u00e9seaux (GPSR) FO-<a href=\"https:\/\/actu.fr\/tag\/ratp\" target=\"_blank\" rel=\"noopener\">RATP<\/a> a \u00e9num\u00e9r\u00e9 la liste.<\/p>\n<p class=\" wall-content\">\n<p class=\" wall-content\">Les nombreux spectateurs souhaitant se rendre \u00e0 Montmartre pour apercevoir les coureurs devront <strong>venir avant 13\u00a0heures<\/strong>. Pass\u00e9 cet horaire, les stations <strong>Villiers<\/strong>, <strong>Rome<\/strong>, <strong>place de Clichy<\/strong>, <strong>Blanche<\/strong>, <strong>Anvers<\/strong> et <strong>Abbesses<\/strong> ne seront plus accessibles jusqu\u2019en fin de journ\u00e9e. De la m\u00eame fa\u00e7on, le <a href=\"https:\/\/actu.fr\/ile-de-france\/paris_75056\/le-funiculaire-de-montmartre-rouvre-aujourd-hui_34672823.html\" target=\"_blank\" rel=\"noopener\">funiculaire de Montmartr<\/a>e fermera \u00e0 la m\u00eame heure.<\/p>\n<p class=\" wall-content\">Les autorit\u00e9s pr\u00e9cisent que \u00ab\u2009les transports en commun feront l\u2019objet d\u2019une attention particuli\u00e8re\u2009\u00bb. Les stations et les gares situ\u00e9s aux abords du parcours seront surveill\u00e9es. Au total, <strong>3\u2009000 forces de l\u2019ordre<\/strong> seront d\u00e9ploy\u00e9es dans la capitale, ainsi que 120 agents de la police municipale.<\/p>\n<p class=\" wall-content\">Suivez toute l\u2019actualit\u00e9 de vos villes et m\u00e9dias favoris en vous inscrivant \u00e0 <a href=\"https:\/\/moncompte.actu.fr\" title=\"D\u00e9couvez Mon Actu\" rel=\"nofollow noopener\" data-trk=\"{&quot;cta&quot;:{&quot;action&quot;:&quot;https:\\\/\\\/moncompte.actu.fr&quot;,&quot;category&quot;:&quot;mon compte&quot;,&quot;from&quot;:&quot;article footer&quot;,&quot;name&quot;:&quot;Mon actu&quot;,&quot;type&quot;:&quot;cta&quot;}}\" target=\"_blank\">Mon Actu<\/a>.<\/p>\n","protected":false},"excerpt":{"rendered":"Par Antoine Grotteria Publi\u00e9 le 26 juil. 2025 \u00e0 13h32 Une \u00e9tape extraordinaire et un m\u00e9tro \u00e0 l\u2019arr\u00eat&hellip;\n","protected":false},"author":2,"featured_media":275173,"comment_status":"","ping_status":"","sticky":false,"template":"","format":"standard","meta":{"footnotes":""},"categories":[1888],"tags":[1111,1928,11,1927,1777,674,1011,27,4047,12,1926,626,1925,625,25,104,2803],"class_list":{"0":"post-275172","1":"post","2":"type-post","3":"status-publish","4":"format-standard","5":"has-post-thumbnail","7":"category-paris","8":"tag-actu","9":"tag-actu-paris","10":"tag-actualites","11":"tag-actualites-paris","12":"tag-eu","13":"tag-europe","14":"tag-fr","15":"tag-france","16":"tag-metro","17":"tag-news","18":"tag-news-paris","19":"tag-paris","20":"tag-paris-news","21":"tag-ratp","22":"tag-republique-francaise","23":"tag-societe","24":"tag-transport"},"share_on_mastodon":{"url":"https:\/\/pubeurope.com\/@fr\/114919531078942117","error":""},"_links":{"self":[{"href":"https:\/\/www.europesays.com\/fr\/wp-json\/wp\/v2\/posts\/275172","targetHints":{"allow":["GET"]}}],"collection":[{"href":"https:\/\/www.europesays.com\/fr\/wp-json\/wp\/v2\/posts"}],"about":[{"href":"https:\/\/www.europesays.com\/fr\/wp-json\/wp\/v2\/types\/post"}],"author":[{"embeddable":true,"href":"https:\/\/www.europesays.com\/fr\/wp-json\/wp\/v2\/users\/2"}],"replies":[{"embeddable":true,"href":"https:\/\/www.europesays.com\/fr\/wp-json\/wp\/v2\/comments?post=275172"}],"version-history":[{"count":0,"href":"https:\/\/www.europesays.com\/fr\/wp-json\/wp\/v2\/posts\/275172\/revisions"}],"wp:featuredmedia":[{"embeddable":true,"href":"https:\/\/www.europesays.com\/fr\/wp-json\/wp\/v2\/media\/275173"}],"wp:attachment":[{"href":"https:\/\/www.europesays.com\/fr\/wp-json\/wp\/v2\/media?parent=275172"}],"wp:term":[{"taxonomy":"category","embeddable":true,"href":"https:\/\/www.europesays.com\/fr\/wp-json\/wp\/v2\/categories?post=275172"},{"taxonomy":"post_tag","embeddable":true,"href":"https:\/\/www.europesays.com\/fr\/wp-json\/wp\/v2\/tags?post=275172"}],"curies":[{"name":"wp","href":"https:\/\/api.w.org\/{rel}","templated":true}]}}