{"id":275174,"date":"2025-07-26T12:27:10","date_gmt":"2025-07-26T12:27:10","guid":{"rendered":"https:\/\/www.europesays.com\/fr\/275174\/"},"modified":"2025-07-26T12:27:10","modified_gmt":"2025-07-26T12:27:10","slug":"tennis-paris-2024-un-an-apres-rafael-nadal-noublie-rien-de-la-flamme-olympique","status":"publish","type":"post","link":"https:\/\/www.europesays.com\/fr\/275174\/","title":{"rendered":"Tennis. Paris 2024 &#8211; Un an apr\u00e8s, Rafael Nadal n&rsquo;oublie rien de la flamme olympique"},"content":{"rendered":"<p><strong>Rafael Nadal <\/strong>n&rsquo;a rien oubli\u00e9 de ce 26 juillet 2024. Cela fait un an que l&rsquo;Espagnol a v\u00e9cu l&rsquo;une de ses plus belles \u00e9motions dans le sport, \u00e0 l&rsquo;occasion de la c\u00e9r\u00e9monie d&rsquo;ouverture des Jeux olympiques, \u00e0 Paris, l\u00e0 o\u00f9 il a remport\u00e9 14 fois Roland-Garros. Apr\u00e8s avoir suivi le d\u00e9fil\u00e9 des bateaux depuis une terrasse donnant sur la Seine, le Taureau de Manacor avait re\u00e7u la flamme sur la place du Trocad\u00e9ro des mains de&#8230;\u00a0<strong>Zin\u00e9dine Zidane<\/strong>. Le double champion olympique s&rsquo;\u00e9tait ensuite dirig\u00e9 vers le fleuve parisien pour embarquer sur un zodiac o\u00f9 il avait retrouv\u00e9&#8230;\u00a0<strong>Serena Williams, Nadia Comameci\u00a0<\/strong>et\u00a0<strong>Carl Lewis<\/strong>, avant de transmettre le flambeau \u00e0\u00a0<strong>Am\u00e9lie Mauresmo<\/strong>. Un moment inoubliable pour le Majorquin.<\/p>\n<p>Vid\u00e9o &#8211; L&rsquo;hommage \u00e0 Rafael Nadal au Trocad\u00e9ro en novembre 2024 Lire la suite de l&rsquo;article&#13;<\/p>\n<p>\u00a0<\/p>\n<p>&#13;<\/p>\n<blockquote class=\"twitter-tweet\" align=\"center\" style=\"width:100%!important;max-width:560px!important;height:500px;min-width:250px;text-align:center;margin:0 auto;\"><p>&#13;<\/p>\n<p dir=\"ltr\" lang=\"en\">One year ago today&#8230; One of the most special moments of my career! \u263a\ufe0f<\/p>\n<p>Thanks again, <a href=\"https:\/\/twitter.com\/Olympics?ref_src=twsrc%5Etfw\" target=\"_blank\" rel=\"noopener\">@Olympics<\/a> &amp; <a href=\"https:\/\/twitter.com\/Paris2024?ref_src=twsrc%5Etfw\" target=\"_blank\" rel=\"noopener\">@Paris2024<\/a>! <a href=\"https:\/\/t.co\/UreaQz8Nlh\">pic.twitter.com\/UreaQz8Nlh<\/a><\/p>\n<p>&#13;<br \/>\n\u2014 Rafa Nadal (@RafaelNadal) <a href=\"https:\/\/twitter.com\/RafaelNadal\/status\/1949074650308268456?ref_src=twsrc%5Etfw\" target=\"_blank\" rel=\"noopener\">July 26, 2025<\/a><\/p><\/blockquote>\n<p>&#13;<br \/>\n&#13;<\/p>\n<p>\u00a0<\/p>\n<p>&#13;<br \/>\n<strong>\u00ab\u00a0L&rsquo;un des moments les plus sp\u00e9ciaux de ma carri\u00e8re\u00a0\u00bb<\/strong>&#13;<\/p>\n<p>\u00ab\u00a0Il y a un an aujourd&rsquo;hui&#8230; L&rsquo;un des moments les plus sp\u00e9ciaux de ma carri\u00e8re. Merci encore aux Jeux olympiques et Paris 2024 !\u00a0\u00bb a \u00e9crit <strong>Rafael Nadal<\/strong> sur ses r\u00e9seaux ce samedi.\u00a0\u00ab\u00a0J\u2019ai v\u00e9cu l&rsquo;une des journ\u00e9es les plus \u00e9mouvantes de ma carri\u00e8re et je suis ravi de conserver cette torche dans mon mus\u00e9e,\u00a0\u00bb avait t-il comment\u00e9 en mars dernier, dans le podcast\u00a0d&rsquo;<strong>Andy Roddick<\/strong>, \u00ab\u00a0Served with Andy Roddick\u00a0\u00bb.\u00a0<\/p>\n<p>&#13;<\/p>\n<p>\u00ab\u00a0C\u2019\u00e9tait super secret. Je ne savais pas ce qui allait arriver. Le pr\u00e9sident du comit\u00e9 olympique voulait garder totalement le secret. J\u2019ai attendu \u00e0 un endroit 30 minutes avant. Puis on a march\u00e9 pour y aller et ils ont commenc\u00e9 \u00e0 m\u2019expliquer. Quand on voit les images, je montais sur la sc\u00e8ne pour prendre la torche. Et \u00e0 ce moment, je devais attendre deux minutes en bas. Quand j\u2019ai r\u00e9alis\u00e9 le moment, je me suis mis \u00e0 pleurer un peu. Quand je me suis mis \u00e0 pleurer, je me suis dit, ferme-la ! Arr\u00eate, ce n\u2019est pas le moment de pleurer, c\u2019est le moment de profiter. Donc j\u2019ai essay\u00e9 de ne pas \u00eatre trop \u00e9motif. C\u2019\u00e9tait incroyable.\u00a0\u00bb<\/p>\n<p><script async src=\"https:\/\/platform.twitter.com\/widgets.js\" charset=\"utf-8\"><\/script><\/p>\n","protected":false},"excerpt":{"rendered":"Rafael Nadal n&rsquo;a rien oubli\u00e9 de ce 26 juillet 2024. Cela fait un an que l&rsquo;Espagnol a v\u00e9cu&hellip;\n","protected":false},"author":2,"featured_media":275175,"comment_status":"","ping_status":"","sticky":false,"template":"","format":"standard","meta":{"footnotes":""},"categories":[1888],"tags":[1111,1928,47,11,1927,4169,1777,674,1011,27,955,12,1926,626,1925,5856,25,1467,4170],"class_list":{"0":"post-275174","1":"post","2":"type-post","3":"status-publish","4":"format-standard","5":"has-post-thumbnail","7":"category-paris","8":"tag-actu","9":"tag-actu-paris","10":"tag-actualite","11":"tag-actualites","12":"tag-actualites-paris","13":"tag-atp","14":"tag-eu","15":"tag-europe","16":"tag-fr","17":"tag-france","18":"tag-match","19":"tag-news","20":"tag-news-paris","21":"tag-paris","22":"tag-paris-news","23":"tag-paris-2024","24":"tag-republique-francaise","25":"tag-tennis","26":"tag-wta"},"share_on_mastodon":{"url":"https:\/\/pubeurope.com\/@fr\/114919535008905786","error":""},"_links":{"self":[{"href":"https:\/\/www.europesays.com\/fr\/wp-json\/wp\/v2\/posts\/275174","targetHints":{"allow":["GET"]}}],"collection":[{"href":"https:\/\/www.europesays.com\/fr\/wp-json\/wp\/v2\/posts"}],"about":[{"href":"https:\/\/www.europesays.com\/fr\/wp-json\/wp\/v2\/types\/post"}],"author":[{"embeddable":true,"href":"https:\/\/www.europesays.com\/fr\/wp-json\/wp\/v2\/users\/2"}],"replies":[{"embeddable":true,"href":"https:\/\/www.europesays.com\/fr\/wp-json\/wp\/v2\/comments?post=275174"}],"version-history":[{"count":0,"href":"https:\/\/www.europesays.com\/fr\/wp-json\/wp\/v2\/posts\/275174\/revisions"}],"wp:featuredmedia":[{"embeddable":true,"href":"https:\/\/www.europesays.com\/fr\/wp-json\/wp\/v2\/media\/275175"}],"wp:attachment":[{"href":"https:\/\/www.europesays.com\/fr\/wp-json\/wp\/v2\/media?parent=275174"}],"wp:term":[{"taxonomy":"category","embeddable":true,"href":"https:\/\/www.europesays.com\/fr\/wp-json\/wp\/v2\/categories?post=275174"},{"taxonomy":"post_tag","embeddable":true,"href":"https:\/\/www.europesays.com\/fr\/wp-json\/wp\/v2\/tags?post=275174"}],"curies":[{"name":"wp","href":"https:\/\/api.w.org\/{rel}","templated":true}]}}