{"id":275179,"date":"2025-07-26T12:30:17","date_gmt":"2025-07-26T12:30:17","guid":{"rendered":"https:\/\/www.europesays.com\/fr\/275179\/"},"modified":"2025-07-26T12:30:17","modified_gmt":"2025-07-26T12:30:17","slug":"guerre-en-ukraine-la-russie-prend-un-nouveau-village","status":"publish","type":"post","link":"https:\/\/www.europesays.com\/fr\/275179\/","title":{"rendered":"Guerre en Ukraine : la Russie prend un nouveau village"},"content":{"rendered":"<p>L\u2019Ukraine a perdu pour la premi\u00e8re fois un avion de chasse fran\u00e7ais Mirage 2000, mardi, lors d\u2019une mission au cours de laquelle son pilote a pu s\u2019\u00e9jecter, a annonc\u00e9 le pr\u00e9sident Volodymyr Zelensky.<\/p>\n<p><img loading=\"lazy\" decoding=\"async\" src=\"https:\/\/www.europesays.com\/fr\/wp-content\/uploads\/2025\/07\/7e5a78bf-948a-4cb1-8bac-db05745df7d1.jpg\" alt=\"\" title=\"\"  width=\"1200\" height=\"613\"\/>AFP<\/p>\n<p>\u00abMalheureusement, nous avons perdu (un) avion de combat. Un appareil fran\u00e7ais, tr\u00e8s efficace, l\u2019un de nos chasseurs Mirage\u00bb, a d\u00e9clar\u00e9 le chef de l\u2019\u00c9tat, t\u00f4t mercredi, dans une allocution diffus\u00e9e sur le site de la pr\u00e9sidence ukrainienne.<\/p>\n<p>\u00abLe pilote a r\u00e9ussi \u00e0 s\u2019\u00e9chapper et (l\u2019avion) n\u2019a pas \u00e9t\u00e9 abattu par les Russes\u00bb, a-t-il ajout\u00e9. \u00abLe pilote a signal\u00e9 au directeur de vol une d\u00e9faillance d\u2019un \u00e9quipement a\u00e9ronautique. Il a ensuite agi avec comp\u00e9tence, comme attendu lors d\u2019une situation de crise, et s\u2019est \u00e9ject\u00e9 avec succ\u00e8s\u00bb, a pr\u00e9cis\u00e9 l\u2019arm\u00e9e de l\u2019air.<\/p>\n<p>Des pilotes et m\u00e9caniciens a\u00e9riens ont b\u00e9n\u00e9fici\u00e9 d\u2019un entra\u00eenement, dans l\u2019est de la France, pour man\u0153uvrer ces avions de chasse, con\u00e7us par la soci\u00e9t\u00e9 Dassault Aviation et dont la livraison a d\u00e9but\u00e9 plus t\u00f4t, cette ann\u00e9e, dans le cadre d\u2019une aide apport\u00e9e par la France.<\/p>\n","protected":false},"excerpt":{"rendered":"L\u2019Ukraine a perdu pour la premi\u00e8re fois un avion de chasse fran\u00e7ais Mirage 2000, mardi, lors d\u2019une mission&hellip;\n","protected":false},"author":2,"featured_media":275180,"comment_status":"","ping_status":"","sticky":false,"template":"","format":"standard","meta":{"footnotes":""},"categories":[1591],"tags":[11,1887,12,1885,1886,132],"class_list":{"0":"post-275179","1":"post","2":"type-post","3":"status-publish","4":"format-standard","5":"has-post-thumbnail","7":"category-russie","8":"tag-actualites","9":"tag-federation-de-russie","10":"tag-news","11":"tag-russia","12":"tag-russian-federation","13":"tag-russie"},"share_on_mastodon":{"url":"https:\/\/pubeurope.com\/@fr\/114919546795109874","error":""},"_links":{"self":[{"href":"https:\/\/www.europesays.com\/fr\/wp-json\/wp\/v2\/posts\/275179","targetHints":{"allow":["GET"]}}],"collection":[{"href":"https:\/\/www.europesays.com\/fr\/wp-json\/wp\/v2\/posts"}],"about":[{"href":"https:\/\/www.europesays.com\/fr\/wp-json\/wp\/v2\/types\/post"}],"author":[{"embeddable":true,"href":"https:\/\/www.europesays.com\/fr\/wp-json\/wp\/v2\/users\/2"}],"replies":[{"embeddable":true,"href":"https:\/\/www.europesays.com\/fr\/wp-json\/wp\/v2\/comments?post=275179"}],"version-history":[{"count":0,"href":"https:\/\/www.europesays.com\/fr\/wp-json\/wp\/v2\/posts\/275179\/revisions"}],"wp:featuredmedia":[{"embeddable":true,"href":"https:\/\/www.europesays.com\/fr\/wp-json\/wp\/v2\/media\/275180"}],"wp:attachment":[{"href":"https:\/\/www.europesays.com\/fr\/wp-json\/wp\/v2\/media?parent=275179"}],"wp:term":[{"taxonomy":"category","embeddable":true,"href":"https:\/\/www.europesays.com\/fr\/wp-json\/wp\/v2\/categories?post=275179"},{"taxonomy":"post_tag","embeddable":true,"href":"https:\/\/www.europesays.com\/fr\/wp-json\/wp\/v2\/tags?post=275179"}],"curies":[{"name":"wp","href":"https:\/\/api.w.org\/{rel}","templated":true}]}}