{"id":275181,"date":"2025-07-26T12:31:10","date_gmt":"2025-07-26T12:31:10","guid":{"rendered":"https:\/\/www.europesays.com\/fr\/275181\/"},"modified":"2025-07-26T12:31:10","modified_gmt":"2025-07-26T12:31:10","slug":"la-russie-revendique-la-prise-dun-village-dans-la-region-de-dnipropetrovsk","status":"publish","type":"post","link":"https:\/\/www.europesays.com\/fr\/275181\/","title":{"rendered":"la Russie revendique la prise d\u2019un village dans la r\u00e9gion de Dnipropetrovsk"},"content":{"rendered":"<p>L\u2019arm\u00e9e russe a revendiqu\u00e9 samedi la prise d\u2019un nouveau village dans la r\u00e9gion de Dnipropetrovsk, dans le centre-est de l\u2019Ukraine, un deuxi\u00e8me dans cette zone administrative depuis le d\u00e9but de son offensive en f\u00e9vrier\u00a02022. La Russie continue de grignoter le terrain en Ukraine, alors que la troisi\u00e8me session de pourparlers de paix entre Russes et Ukrainiens s\u2019est achev\u00e9e mercredi \u00e0 Istanbul sans progr\u00e8s tangibles.<\/p>\n<p>Les forces russes \u00ab\u00a0ont lib\u00e9r\u00e9 la localit\u00e9 de Malievka\u00a0\u00bb, dans la r\u00e9gion de Dnipropetrovsk, a affirm\u00e9 l\u2019arm\u00e9e dans un communiqu\u00e9 sur Telegram. D\u00e9but juillet, la Russie avait revendiqu\u00e9 la capture d\u2019une premi\u00e8re localit\u00e9 &#8211; celle de Datchno\u00efe &#8211; dans cette r\u00e9gion. Cette conqu\u00eate contest\u00e9e par Kiev constituerait un nouveau revers symbolique pour les forces ukrainiennes, si elle \u00e9tait confirm\u00e9e.<\/p>\n<p>\u00c0 lire aussi <a href=\"https:\/\/www.parismatch.com\/actu\/international\/le-gouvernement-de-zelensky-montre-son-vrai-visage-des-soldats-ukrainiens-sinsurgent-contre-le-pouvoir-254721\" rel=\"nofollow noopener\" target=\"_blank\" data-ylk=\"slk:\u00ab Le gouvernement de Zelensky montre son vrai visage \u00bb : des soldats ukrainiens s\u2019insurgent contre le pouvoir;elm:context_link;itc:0;sec:content-canvas\" class=\"link \">\u00ab Le gouvernement de Zelensky montre son vrai visage \u00bb : des soldats ukrainiens s\u2019insurgent contre le pouvoir <\/a><\/p>\n<p>Valeur strat\u00e9gique importante<\/p>\n<p>Une progression russe dans la r\u00e9gion de Dnipropetrovsk aurait une valeur strat\u00e9gique importante, dans les discussions diplomatiques en vue d\u2019un r\u00e8glement du conflit.<\/p>\n<p>Le pr\u00e9sident russe <a href=\"https:\/\/www.parismatch.com\/bio\/vladimir-poutine\" rel=\"nofollow noopener\" target=\"_blank\" data-ylk=\"slk:Vladimir Poutine;elm:context_link;itc:0;sec:content-canvas\" class=\"link \">Vladimir Poutine<\/a> r\u00e9clame que Kiev c\u00e8de \u00e0 la Russie les r\u00e9gions ukrainiennes annex\u00e9es et que l\u2019Ukraine renonce \u00e0 rejoindre l\u2019Otan. Des conditions inacceptables pour les dirigeants ukrainiens et leurs alli\u00e9s occidentaux.<\/p>\n<p>L\u2019Ukraine, pour sa part, exige que l\u2019arm\u00e9e russe se retire enti\u00e8rement de son territoire, occup\u00e9 \u00e0 hauteur d\u2019envi&#8230;<\/p>\n<p><a href=\"https:\/\/www.parismatch.com\/actu\/international\/guerre-en-ukraine-la-russie-revendique-la-prise-dun-village-dans-la-region-de-dnipropetrovsk-254809?at_medium=affiliate&amp;at_campaign=Yahoo\" rel=\"nofollow noopener\" target=\"_blank\" data-ylk=\"slk:Lire la suite sur ParisMatch;elm:context_link;itc:0;sec:content-canvas\" class=\"link \">Lire la suite sur ParisMatch<\/a><\/p>\n","protected":false},"excerpt":{"rendered":"L\u2019arm\u00e9e russe a revendiqu\u00e9 samedi la prise d\u2019un nouveau village dans la r\u00e9gion de Dnipropetrovsk, dans le centre-est&hellip;\n","protected":false},"author":2,"featured_media":275182,"comment_status":"","ping_status":"","sticky":false,"template":"","format":"standard","meta":{"footnotes":""},"categories":[1590],"tags":[11,41452,1777,674,9757,5493,2794,2489,12,220],"class_list":{"0":"post-275181","1":"post","2":"type-post","3":"status-publish","4":"format-standard","5":"has-post-thumbnail","7":"category-ukraine","8":"tag-actualites","9":"tag-dnipropetrovsk","10":"tag-eu","11":"tag-europe","12":"tag-larmee","13":"tag-lukraine","14":"tag-la-region","15":"tag-la-russie","16":"tag-news","17":"tag-ukraine"},"share_on_mastodon":{"url":"https:\/\/pubeurope.com\/@fr\/114919550749839614","error":""},"_links":{"self":[{"href":"https:\/\/www.europesays.com\/fr\/wp-json\/wp\/v2\/posts\/275181","targetHints":{"allow":["GET"]}}],"collection":[{"href":"https:\/\/www.europesays.com\/fr\/wp-json\/wp\/v2\/posts"}],"about":[{"href":"https:\/\/www.europesays.com\/fr\/wp-json\/wp\/v2\/types\/post"}],"author":[{"embeddable":true,"href":"https:\/\/www.europesays.com\/fr\/wp-json\/wp\/v2\/users\/2"}],"replies":[{"embeddable":true,"href":"https:\/\/www.europesays.com\/fr\/wp-json\/wp\/v2\/comments?post=275181"}],"version-history":[{"count":0,"href":"https:\/\/www.europesays.com\/fr\/wp-json\/wp\/v2\/posts\/275181\/revisions"}],"wp:featuredmedia":[{"embeddable":true,"href":"https:\/\/www.europesays.com\/fr\/wp-json\/wp\/v2\/media\/275182"}],"wp:attachment":[{"href":"https:\/\/www.europesays.com\/fr\/wp-json\/wp\/v2\/media?parent=275181"}],"wp:term":[{"taxonomy":"category","embeddable":true,"href":"https:\/\/www.europesays.com\/fr\/wp-json\/wp\/v2\/categories?post=275181"},{"taxonomy":"post_tag","embeddable":true,"href":"https:\/\/www.europesays.com\/fr\/wp-json\/wp\/v2\/tags?post=275181"}],"curies":[{"name":"wp","href":"https:\/\/api.w.org\/{rel}","templated":true}]}}