{"id":275183,"date":"2025-07-26T12:32:12","date_gmt":"2025-07-26T12:32:12","guid":{"rendered":"https:\/\/www.europesays.com\/fr\/275183\/"},"modified":"2025-07-26T12:32:12","modified_gmt":"2025-07-26T12:32:12","slug":"donald-trump-en-passe-de-remporter-sa-guerre-commerciale","status":"publish","type":"post","link":"https:\/\/www.europesays.com\/fr\/275183\/","title":{"rendered":"Donald Trump en passe de remporter sa guerre commerciale"},"content":{"rendered":"<p>                         <img loading=\"lazy\" decoding=\"async\" src=\"https:\/\/www.europesays.com\/fr\/wp-content\/uploads\/2025\/07\/3b8ac59_ftp-import-images-1-c5fv59zr5xbj-2801487836e548068e1affe78e61d0d0-1-542823484d614f25a18b3e88.jpeg\" alt=\"Le pr\u00e9sident am\u00e9ricain, Donald Trump, \u00e0 l\u2019universit\u00e9 Carnegie-Mellon, \u00e0 Pittsburgh (Pennsylvanie), le 15\u00a0juillet\u00a02025.\"   width=\"664\" height=\"443\"\/>    Le pr\u00e9sident am\u00e9ricain, Donald Trump, \u00e0 l\u2019universit\u00e9 Carnegie-Mellon, \u00e0 Pittsburgh (Pennsylvanie), le 15\u00a0juillet\u00a02025.  GENE J. PUSKAR\/AP                 <\/p>\n<p class=\"article__paragraph  \">Lorsque Donald Trump a d\u00e9cid\u00e9, au d\u00e9but du printemps, de suspendre en catastrophe ses droits de douane unilat\u00e9raux, apr\u00e8s avoir provoqu\u00e9 une panique financi\u00e8re, le <a href=\"https:\/\/www.ft.com\/content\/e81ae481-fbb6-47e7-bd6b-c7d76ca5ab69\" target=\"_blank\" rel=\"noopener nofollow\" title=\"Nouvelle fen\u00eatre\">Financial Times<\/a> a eu ce commentaire narquois sur le pr\u00e9sident des Etats-Unis, d\u00e9but mai, le traitant de \u00ab\u00a0TACO\u00a0\u00bb (\u00ab\u00a0Trump always chickens out\u00a0\u00bb)\u00a0: \u00ab\u00a0Trump se d\u00e9gonfle toujours\u00a0\u00bb dans les n\u00e9gociations commerciales. L\u2019expression avait exasp\u00e9r\u00e9 le chef d\u2019Etat \u2013 \u00ab\u00a0c\u2019est une question m\u00e9chante\u00a0\u00bb, avait-il d\u00e9clar\u00e9 dans le bureau Ovale de la Maison Blanche apr\u00e8s qu\u2019un journaliste l\u2019eut interrog\u00e9 \u00e0 ce sujet \u2013 et fait rire la plan\u00e8te enti\u00e8re. Le 15\u00a0juillet, l\u2019\u00e9ditorialiste du <a href=\"https:\/\/www.wsj.com\/economy\/trade\/forget-taco-trump-is-winning-his-trade-war-8af6f777\" target=\"_blank\" rel=\"noopener nofollow\" title=\"Nouvelle fen\u00eatre\">Wall Street Journal<\/a> (WSJ) Greg Ip a fait une d\u00e9monstration moins humoristique mais ac\u00e9r\u00e9e\u00a0: \u00ab\u00a0Oubliez TACO. Trump est en train de gagner sa guerre commerciale.\u00a0\u00bb<\/p>\n<p class=\"article__paragraph  \">L\u2019enjeu n\u2019est pas de d\u00e9fendre la politique commerciale de M. Trump \u2013 le WSJ l\u2019a qualifi\u00e9e de \u00ab\u00a0guerre la plus stupide de l\u2019Histoire\u00a0\u00bb \u2013, mais d\u2019analyser si le pr\u00e9sident atteint les objectifs qu\u2019il s\u2019est fix\u00e9s, alors qu\u2019Ursula von der Leyen, la pr\u00e9sidente de la Commission europ\u00e9enne, doit rencontrer le chef d\u2019Etat am\u00e9ricain en Ecosse, dimanche 27\u00a0juillet, pour tenter d\u2019arracher un accord avant la date limite du 1er\u00a0ao\u00fbt si elle veut \u00e9viter des droits de douane unilat\u00e9raux de 30\u00a0% pour l\u2019Europe.<\/p>\n<p class=\"reading-mode-only \"><strong>Il vous reste 88.84% de cet article \u00e0 lire. La suite est r\u00e9serv\u00e9e aux abonn\u00e9s.<\/strong><\/p>\n","protected":false},"excerpt":{"rendered":"Le pr\u00e9sident am\u00e9ricain, Donald Trump, \u00e0 l\u2019universit\u00e9 Carnegie-Mellon, \u00e0 Pittsburgh (Pennsylvanie), le 15\u00a0juillet\u00a02025. GENE J. PUSKAR\/AP Lorsque Donald&hellip;\n","protected":false},"author":2,"featured_media":275184,"comment_status":"","ping_status":"","sticky":false,"template":"","format":"standard","meta":{"footnotes":""},"categories":[1589],"tags":[11,73,1866,12,1864,1865,1863,308],"class_list":{"0":"post-275183","1":"post","2":"type-post","3":"status-publish","4":"format-standard","5":"has-post-thumbnail","7":"category-etats-unis","8":"tag-actualites","9":"tag-etats-unis","10":"tag-etats-unis-damerique","11":"tag-news","12":"tag-united-states","13":"tag-united-states-of-america","14":"tag-us","15":"tag-usa"},"share_on_mastodon":{"url":"https:\/\/pubeurope.com\/@fr\/114919554712281705","error":""},"_links":{"self":[{"href":"https:\/\/www.europesays.com\/fr\/wp-json\/wp\/v2\/posts\/275183","targetHints":{"allow":["GET"]}}],"collection":[{"href":"https:\/\/www.europesays.com\/fr\/wp-json\/wp\/v2\/posts"}],"about":[{"href":"https:\/\/www.europesays.com\/fr\/wp-json\/wp\/v2\/types\/post"}],"author":[{"embeddable":true,"href":"https:\/\/www.europesays.com\/fr\/wp-json\/wp\/v2\/users\/2"}],"replies":[{"embeddable":true,"href":"https:\/\/www.europesays.com\/fr\/wp-json\/wp\/v2\/comments?post=275183"}],"version-history":[{"count":0,"href":"https:\/\/www.europesays.com\/fr\/wp-json\/wp\/v2\/posts\/275183\/revisions"}],"wp:featuredmedia":[{"embeddable":true,"href":"https:\/\/www.europesays.com\/fr\/wp-json\/wp\/v2\/media\/275184"}],"wp:attachment":[{"href":"https:\/\/www.europesays.com\/fr\/wp-json\/wp\/v2\/media?parent=275183"}],"wp:term":[{"taxonomy":"category","embeddable":true,"href":"https:\/\/www.europesays.com\/fr\/wp-json\/wp\/v2\/categories?post=275183"},{"taxonomy":"post_tag","embeddable":true,"href":"https:\/\/www.europesays.com\/fr\/wp-json\/wp\/v2\/tags?post=275183"}],"curies":[{"name":"wp","href":"https:\/\/api.w.org\/{rel}","templated":true}]}}