{"id":275187,"date":"2025-07-26T12:34:14","date_gmt":"2025-07-26T12:34:14","guid":{"rendered":"https:\/\/www.europesays.com\/fr\/275187\/"},"modified":"2025-07-26T12:34:14","modified_gmt":"2025-07-26T12:34:14","slug":"lallemagne-et-la-france-veulent-garder-le-controle-sur-leurs-exportations-darmes","status":"publish","type":"post","link":"https:\/\/www.europesays.com\/fr\/275187\/","title":{"rendered":"L&rsquo;Allemagne et la France veulent garder le contr\u00f4le sur leurs exportations d&rsquo;armes"},"content":{"rendered":"<p align=\"justify\"><strong>Les ministres de la D\u00e9fense allemand et fran\u00e7ais ont tous deux d\u00e9clar\u00e9 que l&rsquo;U<\/strong><strong>E<\/strong><strong> n&rsquo;avait <\/strong><strong>aucun pouvoir de d\u00e9cision sur les exportations d\u2019armes, alors que la Commission souhaite faciliter les \u00e9changes commerciaux au sein du march\u00e9 europ\u00e9en des armes. <\/strong><\/p>\n<p align=\"justify\">Les d\u00e9cisions en mati\u00e8re d&rsquo;exportation d&rsquo;armes rel\u00e8vent \u00ab exclusivement \u00bb de la comp\u00e9tence des gouvernements nationaux. L&rsquo;UE et la Commission europ\u00e9enne \u00ab n&rsquo;ont aucun r\u00f4le \u00e0 jouer \u00e0 cet \u00e9gard \u00bb, a d\u00e9clar\u00e9 jeudi soir le ministre allemand de la D\u00e9fense, Boris Pistorius, lors d&rsquo;une conf\u00e9rence de presse conjointe avec son homologue fran\u00e7ais, S\u00e9bastien Lecornu.<\/p>\n<p align=\"justify\">Ces d\u00e9clarations illustrent l\u2019opposition des deux membres les plus importants de l\u2019UE \u00e0 la volont\u00e9 de la Commission de diminuer les contr\u00f4les \u00e0 l&rsquo;exportation, afin d&rsquo;acc\u00e9l\u00e9rer la production d&rsquo;armes. L&rsquo;ex\u00e9cutif europ\u00e9en a propos\u00e9 de permettre aux pays de ne plus obtenir d&rsquo;autorisation pr\u00e9alable pour revendre des composants sensibles essentiels utilis\u00e9s dans la fabrication d&rsquo;armes.<\/p>\n<p align=\"justify\">De nombreux pays contr\u00f4lent l&rsquo;utilisation des armes et autres produits sensibles et se r\u00e9servent un droit de veto sur la revente d&rsquo;\u00e9quipements de d\u00e9fense \u00e0 des pays tiers.<\/p>\n<p align=\"justify\">La France s&rsquo;oppose depuis des mois \u00e0 l&rsquo;id\u00e9e d&rsquo;assouplir ces r\u00e8gles au sein de l&rsquo;UE, comme l&rsquo;a <a href=\"https:\/\/www.euractiv.com\/section\/defence\/news\/france-launches-battle-against-looser-intra-eu-defence-export-controls\/\" rel=\"nofollow noopener\" target=\"_blank\">rapport\u00e9<\/a> pour la premi\u00e8re fois Euractiv au printemps dernier. Paris estime que cette mesure va au-del\u00e0 des accords existants sur les transferts de produits li\u00e9s \u00e0 la d\u00e9fense au sein de l&rsquo;UE et priverait de facto la France de son droit de contr\u00f4ler et de suivre la destination des composants critiques.<\/p>\n<p align=\"justify\">Mais malgr\u00e9 les protestations de Paris, la Commission continue \u00e0 d\u00e9fendre l&rsquo;id\u00e9e d&rsquo;assouplir ces r\u00e8gles d&rsquo;exportation, tout r\u00e9cemment encore le mois dernier dans son paquet visant \u00e0 all\u00e9ger la r\u00e9glementation du secteur de la d\u00e9fense, connu sous le nom de \u00ab <a href=\"https:\/\/www.euractiv.com\/section\/defence\/news\/eu-commission-unveils-de-regulation-quick-fixes-for-europes-defence-industry\/\" rel=\"nofollow noopener\" target=\"_blank\">d\u00e9fense omnibus<\/a> \u00bb.<\/p>\n<p align=\"justify\">La Commission a \u00e9galement annonc\u00e9 son intention de r\u00e9viser, dans les mois \u00e0 venir, la directive existante sur les transferts intra-UE, qui r\u00e9git le commerce des produits li\u00e9s \u00e0 la d\u00e9fense au sein du bloc.<\/p>\n<p align=\"justify\">Les propos de Boris Pistorius renforcent toutefois la position fran\u00e7aise. \u00ab Il n&rsquo;est pas question que la Commission europ\u00e9enne s&rsquo;immisce dans les comp\u00e9tences des \u00c9tats membres, en particulier en mati\u00e8re d&rsquo;exportation d&rsquo;armes \u00bb, a d\u00e9clar\u00e9 S\u00e9bastien Lecornu.<\/p>\n","protected":false},"excerpt":{"rendered":"Les ministres de la D\u00e9fense allemand et fran\u00e7ais ont tous deux d\u00e9clar\u00e9 que l&rsquo;UE n&rsquo;avait aucun pouvoir de&hellip;\n","protected":false},"author":2,"featured_media":275188,"comment_status":"","ping_status":"","sticky":false,"template":"","format":"standard","meta":{"footnotes":""},"categories":[1587],"tags":[11,672,1804,1805,1803,1777,674,1801,12,1802],"class_list":{"0":"post-275187","1":"post","2":"type-post","3":"status-publish","4":"format-standard","5":"has-post-thumbnail","7":"category-allemagne","8":"tag-actualites","9":"tag-allemagne","10":"tag-bundesrepublik-deutschland","11":"tag-de","12":"tag-deutschland","13":"tag-eu","14":"tag-europe","15":"tag-germany","16":"tag-news","17":"tag-republique-federale-dallemagne"},"share_on_mastodon":{"url":"https:\/\/pubeurope.com\/@fr\/114919562586476134","error":""},"_links":{"self":[{"href":"https:\/\/www.europesays.com\/fr\/wp-json\/wp\/v2\/posts\/275187","targetHints":{"allow":["GET"]}}],"collection":[{"href":"https:\/\/www.europesays.com\/fr\/wp-json\/wp\/v2\/posts"}],"about":[{"href":"https:\/\/www.europesays.com\/fr\/wp-json\/wp\/v2\/types\/post"}],"author":[{"embeddable":true,"href":"https:\/\/www.europesays.com\/fr\/wp-json\/wp\/v2\/users\/2"}],"replies":[{"embeddable":true,"href":"https:\/\/www.europesays.com\/fr\/wp-json\/wp\/v2\/comments?post=275187"}],"version-history":[{"count":0,"href":"https:\/\/www.europesays.com\/fr\/wp-json\/wp\/v2\/posts\/275187\/revisions"}],"wp:featuredmedia":[{"embeddable":true,"href":"https:\/\/www.europesays.com\/fr\/wp-json\/wp\/v2\/media\/275188"}],"wp:attachment":[{"href":"https:\/\/www.europesays.com\/fr\/wp-json\/wp\/v2\/media?parent=275187"}],"wp:term":[{"taxonomy":"category","embeddable":true,"href":"https:\/\/www.europesays.com\/fr\/wp-json\/wp\/v2\/categories?post=275187"},{"taxonomy":"post_tag","embeddable":true,"href":"https:\/\/www.europesays.com\/fr\/wp-json\/wp\/v2\/tags?post=275187"}],"curies":[{"name":"wp","href":"https:\/\/api.w.org\/{rel}","templated":true}]}}