{"id":275189,"date":"2025-07-26T12:35:19","date_gmt":"2025-07-26T12:35:19","guid":{"rendered":"https:\/\/www.europesays.com\/fr\/275189\/"},"modified":"2025-07-26T12:35:19","modified_gmt":"2025-07-26T12:35:19","slug":"leurope-distancee-par-la-chine-dans-les-e-fuels","status":"publish","type":"post","link":"https:\/\/www.europesays.com\/fr\/275189\/","title":{"rendered":"L\u2019Europe distanc\u00e9e par la Chine dans les e-fuels"},"content":{"rendered":"<p>&#13;<br \/>\n\tPourtant bien partie dans la course aux carburants de synth\u00e8se, l\u2019Europe est en train de se faire distancer par la <a title=\"Info et actu \u00e9conomique et industrielle en Chine\" href=\"https:\/\/www.usinenouvelle.com\/chine\/\" rel=\"noopener\" target=\"\" class=\"lien-contextuel\">Chine<\/a>, selon l\u2019\u00e9dition 2025 de l\u2019Observatoire des e-fuels, publi\u00e9e par SIA Partners pour le compte du Bureau fran\u00e7ais des e-fuels.<\/p>\n<p>&#13;<br \/>\n\tForte de son avancement dans l\u2019hydrog\u00e8ne \u00e9lectrolytique, avec 40% des capacit\u00e9s de production mondiales, la Chine comptabilise d\u00e9j\u00e0 huit projets d\u2019e-m\u00e9thanol de plus de 50000 tonnes par an en construction ou en production. En Europe, il n\u2019y en a qu\u2019un, de 42000 tonnes, celui du danois European Energy, \u00e0 Kass\u00f8 (Danemark).<\/p>\n<p>&#13;<br \/>\n\tPourtant port\u00e9e par la r\u00e9glementation RefuelEU, l\u2019Europe avait pris de l\u2019avance, avec 53 projets de plus de 50000 tonnes par an de carburants de synth\u00e8se pour l\u2019a\u00e9rien et le maritime, dont 16 en France. Mais aucun n\u2019a atteint le stade de la d\u00e9cision finale d\u2019investissement. <\/p>\n<p>&#13;<br \/>\n\t<a href=\"https:\/\/www.usinenouvelle.com\/l-usine-nouvelle-du-6-juin-2025-n3743,7608\" target=\"_blank\" rel=\"noopener\"><img decoding=\"async\" alt=\"UN 3743\" src=\"data:image\/gif;base64,R0lGODdhAQABAPAAAMPDwwAAACwAAAAAAQABAAACAkQBADs=\" data-original=\"https:\/\/www.usinenouvelle.com\/mediatheque\/5\/6\/1\/001528165_illustration_large.jpg\" style=\"height: 194px; width: 150px; margin: 5px; float: left;\"\/><\/a><strong>Vous lisez un article de L&rsquo;Usine Nouvelle n\u00b03743 &#8211; Juin 2025<br \/>&#13;<br \/>\n\t<a href=\"https:\/\/www.usinenouvelle.com\/l-usine-nouvelle-du-6-juin-2025-n3743,7608\" target=\"_blank\" rel=\"noopener\">Lire le sommaire<\/a><\/strong><\/p>\n<p class=\"editoTitleType1 editoTitleType1--lagoon is-uppercase\">S\u00e9lectionn\u00e9 <b>pour vous<\/b><\/p>\n<p>                                                                            <a class=\"editoCardType21__link editoCardType21__containerImage\" href=\"https:\/\/www.usinenouvelle.com\/article\/la-baisse-des-prix-de-l-electricite-mine-les-resultats-d-edf-au-premier-semestre.N2235749\" data-xiti-name=\"2235749\" target=\"_blank\" rel=\"noopener\"><\/p>\n<p>                                                                                                                                                    <img decoding=\"async\" src=\"data:image\/gif;base64,R0lGODdhAQABAPAAAMPDwwAAACwAAAAAAQABAAACAkQBADs=\" data-original=\"\/mediatheque\/1\/5\/5\/001416551_256x170_c.png\" alt=\"La baisse des prix de l\u2019\u00e9lectricit\u00e9 mine les r\u00e9sultats d\u2019EDF au premier semestre 2025\"\/><\/p>\n<p>                            <\/a><\/p>\n","protected":false},"excerpt":{"rendered":"&#13; Pourtant bien partie dans la course aux carburants de synth\u00e8se, l\u2019Europe est en train de se faire&hellip;\n","protected":false},"author":2,"featured_media":275190,"comment_status":"","ping_status":"","sticky":false,"template":"","format":"standard","meta":{"footnotes":""},"categories":[1586],"tags":[11,6060,309,17780,893,1777,674,1011,27,14,41455,12,25,41454],"class_list":{"0":"post-275189","1":"post","2":"type-post","3":"status-publish","4":"format-standard","5":"has-post-thumbnail","7":"category-europe","8":"tag-actualites","9":"tag-asie","10":"tag-chine","11":"tag-en-bref","12":"tag-energie","13":"tag-eu","14":"tag-europe","15":"tag-fr","16":"tag-france","17":"tag-international","18":"tag-les-datas-de-l-energie","19":"tag-news","20":"tag-republique-francaise","21":"tag-saf"},"share_on_mastodon":{"url":"https:\/\/pubeurope.com\/@fr\/114919566444387951","error":""},"_links":{"self":[{"href":"https:\/\/www.europesays.com\/fr\/wp-json\/wp\/v2\/posts\/275189","targetHints":{"allow":["GET"]}}],"collection":[{"href":"https:\/\/www.europesays.com\/fr\/wp-json\/wp\/v2\/posts"}],"about":[{"href":"https:\/\/www.europesays.com\/fr\/wp-json\/wp\/v2\/types\/post"}],"author":[{"embeddable":true,"href":"https:\/\/www.europesays.com\/fr\/wp-json\/wp\/v2\/users\/2"}],"replies":[{"embeddable":true,"href":"https:\/\/www.europesays.com\/fr\/wp-json\/wp\/v2\/comments?post=275189"}],"version-history":[{"count":0,"href":"https:\/\/www.europesays.com\/fr\/wp-json\/wp\/v2\/posts\/275189\/revisions"}],"wp:featuredmedia":[{"embeddable":true,"href":"https:\/\/www.europesays.com\/fr\/wp-json\/wp\/v2\/media\/275190"}],"wp:attachment":[{"href":"https:\/\/www.europesays.com\/fr\/wp-json\/wp\/v2\/media?parent=275189"}],"wp:term":[{"taxonomy":"category","embeddable":true,"href":"https:\/\/www.europesays.com\/fr\/wp-json\/wp\/v2\/categories?post=275189"},{"taxonomy":"post_tag","embeddable":true,"href":"https:\/\/www.europesays.com\/fr\/wp-json\/wp\/v2\/tags?post=275189"}],"curies":[{"name":"wp","href":"https:\/\/api.w.org\/{rel}","templated":true}]}}